{"id":14601,"date":"2023-09-12T11:30:00","date_gmt":"2023-09-12T11:30:00","guid":{"rendered":"http:\/\/875jahrekirchgoens.de\/?p=14601"},"modified":"2024-02-03T11:32:10","modified_gmt":"2024-02-03T11:32:10","slug":"tagesausflug-nach-bad-duerkheim","status":"publish","type":"post","link":"http:\/\/875jahrekirchgoens.de\/?p=14601","title":{"rendered":"Tagesausflug nach Bad D\u00fcrkheim"},"content":{"rendered":"\n<p>Der diesj\u00e4hrige Tagesausflug des Turnverein Vorw\u00e4rts 1891 Kirch-G\u00f6ns e. V. erfolgte nach Bad D\u00fcrkheim. Die Busanreise f\u00fchrte die sechsunddrei\u00dfigk\u00f6pfigen Teilnehmer\/innen durch die Weinberge in Rheinland-Pfalz. Der D\u00fcrkheimer Wurstmarkt ist das gr\u00f6\u00dfte Weinfest der Welt und findet j\u00e4hrlich am zweiten und dritten Wochenende im September in Bad D\u00fcrkheim statt. Der Markt zieht jedes Jahr \u00fcber 600.000 Besucher an. Der Wurstmarkt bot eine Vielzahl von Aktivit\u00e4ten wie Fahrgesch\u00e4fte und Marktst\u00e4nde. Es gab auch viele kulinarische K\u00f6stlichkeiten zu genie\u00dfen, darunter verschiedene Arten von W\u00fcrstchen wie Bratwurst und N\u00fcrnberger Rostbratwurst. Dar\u00fcber hinaus wurde eine gro\u00dfe Auswahl an exzellenten D\u00fcrkheimer Weinen und Sekten sowie Pf\u00e4lzer K\u00f6stlichkeiten angeboten. Gegen 21.00 Uhr kehrte die Gruppe wohlbehalten nach Kirch-G\u00f6ns zur\u00fcck.<\/p>\n\n\n\n<p>Quelle und Bild: TV Kirch-G\u00f6ns vom 17. September 2023<\/p>\n\n\n\n<figure class=\"wp-block-image size-full\"><img loading=\"lazy\" decoding=\"async\" width=\"605\" height=\"318\" src=\"http:\/\/875jahrekirchgoens.de\/wp-content\/uploads\/2024\/02\/Duerkheim-Bild1.jpg\" alt=\"\" class=\"wp-image-14602\" srcset=\"http:\/\/875jahrekirchgoens.de\/wp-content\/uploads\/2024\/02\/Duerkheim-Bild1.jpg 605w, http:\/\/875jahrekirchgoens.de\/wp-content\/uploads\/2024\/02\/Duerkheim-Bild1-300x158.jpg 300w\" sizes=\"auto, (max-width: 605px) 100vw, 605px\" \/><\/figure>\n","protected":false},"excerpt":{"rendered":"<p>Der diesj\u00e4hrige Tagesausflug des Turnverein Vorw\u00e4rts 1891 Kirch-G\u00f6ns e. V. erfolgte nach Bad D\u00fcrkheim. Die Busanreise f\u00fchrte die sechsunddrei\u00dfigk\u00f6pfigen Teilnehmer\/innen durch die Weinberge in Rheinland-Pfalz. Der D\u00fcrkheimer Wurstmarkt ist das gr\u00f6\u00dfte Weinfest der Welt und findet j\u00e4hrlich am zweiten und dritten Wochenende im September in Bad D\u00fcrkheim statt. Der Markt zieht jedes Jahr \u00fcber 600.000 &#8230; <a title=\"Tagesausflug nach Bad D\u00fcrkheim\" class=\"read-more\" href=\"http:\/\/875jahrekirchgoens.de\/?p=14601\" aria-label=\"Mehr Informationen \u00fcber Tagesausflug nach Bad D\u00fcrkheim\">Weiterlesen<\/a><\/p>\n","protected":false},"author":1,"featured_media":0,"comment_status":"closed","ping_status":"open","sticky":false,"template":"","format":"standard","meta":{"footnotes":""},"categories":[1],"tags":[],"class_list":["post-14601","post","type-post","status-publish","format-standard","hentry","category-infos"],"_links":{"self":[{"href":"http:\/\/875jahrekirchgoens.de\/index.php?rest_route=\/wp\/v2\/posts\/14601","targetHints":{"allow":["GET"]}}],"collection":[{"href":"http:\/\/875jahrekirchgoens.de\/index.php?rest_route=\/wp\/v2\/posts"}],"about":[{"href":"http:\/\/875jahrekirchgoens.de\/index.php?rest_route=\/wp\/v2\/types\/post"}],"author":[{"embeddable":true,"href":"http:\/\/875jahrekirchgoens.de\/index.php?rest_route=\/wp\/v2\/users\/1"}],"replies":[{"embeddable":true,"href":"http:\/\/875jahrekirchgoens.de\/index.php?rest_route=%2Fwp%2Fv2%2Fcomments&post=14601"}],"version-history":[{"count":1,"href":"http:\/\/875jahrekirchgoens.de\/index.php?rest_route=\/wp\/v2\/posts\/14601\/revisions"}],"predecessor-version":[{"id":14603,"href":"http:\/\/875jahrekirchgoens.de\/index.php?rest_route=\/wp\/v2\/posts\/14601\/revisions\/14603"}],"wp:attachment":[{"href":"http:\/\/875jahrekirchgoens.de\/index.php?rest_route=%2Fwp%2Fv2%2Fmedia&parent=14601"}],"wp:term":[{"taxonomy":"category","embeddable":true,"href":"http:\/\/875jahrekirchgoens.de\/index.php?rest_route=%2Fwp%2Fv2%2Fcategories&post=14601"},{"taxonomy":"post_tag","embeddable":true,"href":"http:\/\/875jahrekirchgoens.de\/index.php?rest_route=%2Fwp%2Fv2%2Ftags&post=14601"}],"curies":[{"name":"wp","href":"https:\/\/api.w.org\/{rel}","templated":true}]}}