{"id":14612,"date":"2023-05-09T11:42:00","date_gmt":"2023-05-09T11:42:00","guid":{"rendered":"http:\/\/875jahrekirchgoens.de\/?p=14612"},"modified":"2024-02-03T11:43:16","modified_gmt":"2024-02-03T11:43:16","slug":"ehrung-fuer-vereinsarbeit","status":"publish","type":"post","link":"http:\/\/875jahrekirchgoens.de\/?p=14612","title":{"rendered":"Ehrung f\u00fcr Vereinsarbeit"},"content":{"rendered":"\n<p>F\u00fcr zehnj\u00e4hrige Vorstandsarbeit von Uwe Hartmann (r.) bedankte sich Vorsitzender Thorsten Metz (l.) an der diesj\u00e4hrigen Jahreshauptversammlung des Turnvereins mit einem Pr\u00e4sent. Hartmann ist im April 2013 in den Vorstand des TV Kirch-G\u00f6ns eingetreten und stets aktiv. Sei es der Bau eines Grillstandes, Reparieren von besch\u00e4digten Sachen oder als Gastgeber f\u00fcr Grillabende des Vorstandes. Gro\u00dfes Engagement zeigte Uwe, so Metz, an der 125 Jahr-Feier des TV im Jahre 2016. Auf Uwe ist Verlass.<\/p>\n\n\n\n<p>Quelle und Bild: TV Kirch-G\u00f6ns vom 9. Mai 2023<\/p>\n\n\n\n<figure class=\"wp-block-image size-full\"><img loading=\"lazy\" decoding=\"async\" width=\"466\" height=\"587\" src=\"http:\/\/875jahrekirchgoens.de\/wp-content\/uploads\/2024\/02\/VA-Bild1.jpg\" alt=\"\" class=\"wp-image-14611\" srcset=\"http:\/\/875jahrekirchgoens.de\/wp-content\/uploads\/2024\/02\/VA-Bild1.jpg 466w, http:\/\/875jahrekirchgoens.de\/wp-content\/uploads\/2024\/02\/VA-Bild1-238x300.jpg 238w\" sizes=\"auto, (max-width: 466px) 100vw, 466px\" \/><\/figure>\n","protected":false},"excerpt":{"rendered":"<p>F\u00fcr zehnj\u00e4hrige Vorstandsarbeit von Uwe Hartmann (r.) bedankte sich Vorsitzender Thorsten Metz (l.) an der diesj\u00e4hrigen Jahreshauptversammlung des Turnvereins mit einem Pr\u00e4sent. Hartmann ist im April 2013 in den Vorstand des TV Kirch-G\u00f6ns eingetreten und stets aktiv. Sei es der Bau eines Grillstandes, Reparieren von besch\u00e4digten Sachen oder als Gastgeber f\u00fcr Grillabende des Vorstandes. Gro\u00dfes &#8230; <a title=\"Ehrung f\u00fcr Vereinsarbeit\" class=\"read-more\" href=\"http:\/\/875jahrekirchgoens.de\/?p=14612\" aria-label=\"Mehr Informationen \u00fcber Ehrung f\u00fcr Vereinsarbeit\">Weiterlesen<\/a><\/p>\n","protected":false},"author":1,"featured_media":0,"comment_status":"closed","ping_status":"open","sticky":false,"template":"","format":"standard","meta":{"footnotes":""},"categories":[1],"tags":[],"class_list":["post-14612","post","type-post","status-publish","format-standard","hentry","category-infos"],"_links":{"self":[{"href":"http:\/\/875jahrekirchgoens.de\/index.php?rest_route=\/wp\/v2\/posts\/14612","targetHints":{"allow":["GET"]}}],"collection":[{"href":"http:\/\/875jahrekirchgoens.de\/index.php?rest_route=\/wp\/v2\/posts"}],"about":[{"href":"http:\/\/875jahrekirchgoens.de\/index.php?rest_route=\/wp\/v2\/types\/post"}],"author":[{"embeddable":true,"href":"http:\/\/875jahrekirchgoens.de\/index.php?rest_route=\/wp\/v2\/users\/1"}],"replies":[{"embeddable":true,"href":"http:\/\/875jahrekirchgoens.de\/index.php?rest_route=%2Fwp%2Fv2%2Fcomments&post=14612"}],"version-history":[{"count":1,"href":"http:\/\/875jahrekirchgoens.de\/index.php?rest_route=\/wp\/v2\/posts\/14612\/revisions"}],"predecessor-version":[{"id":14613,"href":"http:\/\/875jahrekirchgoens.de\/index.php?rest_route=\/wp\/v2\/posts\/14612\/revisions\/14613"}],"wp:attachment":[{"href":"http:\/\/875jahrekirchgoens.de\/index.php?rest_route=%2Fwp%2Fv2%2Fmedia&parent=14612"}],"wp:term":[{"taxonomy":"category","embeddable":true,"href":"http:\/\/875jahrekirchgoens.de\/index.php?rest_route=%2Fwp%2Fv2%2Fcategories&post=14612"},{"taxonomy":"post_tag","embeddable":true,"href":"http:\/\/875jahrekirchgoens.de\/index.php?rest_route=%2Fwp%2Fv2%2Ftags&post=14612"}],"curies":[{"name":"wp","href":"https:\/\/api.w.org\/{rel}","templated":true}]}}