{"id":14614,"date":"2023-05-09T11:43:00","date_gmt":"2023-05-09T11:43:00","guid":{"rendered":"http:\/\/875jahrekirchgoens.de\/?p=14614"},"modified":"2024-02-03T11:46:33","modified_gmt":"2024-02-03T11:46:33","slug":"1-mai-feier-des-tv-vorwaerts-1891-kirch-goens-voller-erfolg","status":"publish","type":"post","link":"http:\/\/875jahrekirchgoens.de\/?p=14614","title":{"rendered":"1.-Mai-Feier des TV Vorw\u00e4rts 1891 Kirch-G\u00f6ns voller Erfolg"},"content":{"rendered":"\n<p>Sehr gut besucht war die 1.-Mai-Feier des Turnvereins Vorw\u00e4rts 1891 Kirch-G\u00f6ns auf dem \u00f6rtlichen Sportplatzgel\u00e4nde. Bei sonnigem Wetter waren schon fr\u00fch alle Pl\u00e4tze besetzt und die Besucher aus nah und fern verlebten einige fr\u00f6hliche Stunden. Viele Wandergruppen und Radfahrer konnte der TV begr\u00fc\u00dfen. Die Kleinsten hatten gro\u00dfen Spa\u00df auf einer Rutschbahn und einer H\u00fcpfburg. Die G\u00e4ste lie\u00dfen sich neben den Grillspezialit\u00e4ten auch den Nachmittagskuchen schmecken. Neben Kinderschminken bot der Sch\u00fctzenverein Pohl-G\u00f6ns mit seiner Bogenschie\u00dfabteilung eine Probestunde mit Pfeil und Bogen an. Rege Teilnahme am traditionellen TV-Ratespiel fand statt. In diesem Jahr galt es hier die Anzahl von Schokon\u00fcssen in einem gro\u00dfen Glas zu erraten. Die genaue Zahl von 626 Schokon\u00fcssen sch\u00e4tzte Sabrina Becker mit 624 und gewann den Einkaufsgutschein. Den zweiten Platz erzielten mit 623 Schokon\u00fcssen Tobias Berninger sowie Kira Mohr und Laura Euler. Drittplatzierter wurden Tabea Mohr und Edgar Becker (620).<\/p>\n\n\n\n<p>Quelle und Bild: TV Kirch-G\u00f6ns vom 9. Mai 2023<\/p>\n\n\n\n<figure class=\"wp-block-image size-full\"><img loading=\"lazy\" decoding=\"async\" width=\"300\" height=\"224\" src=\"http:\/\/875jahrekirchgoens.de\/wp-content\/uploads\/2024\/02\/1mai-Bild1.jpg\" alt=\"\" class=\"wp-image-14617\"\/><figcaption class=\"wp-element-caption\">Bei der Siegerehrung: (v. l.) Tabea Mohr (l.), Sabrina Becker, Tobias Berninger und Thorsten Metz.<\/figcaption><\/figure>\n","protected":false},"excerpt":{"rendered":"<p>Sehr gut besucht war die 1.-Mai-Feier des Turnvereins Vorw\u00e4rts 1891 Kirch-G\u00f6ns auf dem \u00f6rtlichen Sportplatzgel\u00e4nde. Bei sonnigem Wetter waren schon fr\u00fch alle Pl\u00e4tze besetzt und die Besucher aus nah und fern verlebten einige fr\u00f6hliche Stunden. Viele Wandergruppen und Radfahrer konnte der TV begr\u00fc\u00dfen. Die Kleinsten hatten gro\u00dfen Spa\u00df auf einer Rutschbahn und einer H\u00fcpfburg. Die &#8230; <a title=\"1.-Mai-Feier des TV Vorw\u00e4rts 1891 Kirch-G\u00f6ns voller Erfolg\" class=\"read-more\" href=\"http:\/\/875jahrekirchgoens.de\/?p=14614\" aria-label=\"Mehr Informationen \u00fcber 1.-Mai-Feier des TV Vorw\u00e4rts 1891 Kirch-G\u00f6ns voller Erfolg\">Weiterlesen<\/a><\/p>\n","protected":false},"author":1,"featured_media":0,"comment_status":"closed","ping_status":"open","sticky":false,"template":"","format":"standard","meta":{"footnotes":""},"categories":[1],"tags":[],"class_list":["post-14614","post","type-post","status-publish","format-standard","hentry","category-infos"],"_links":{"self":[{"href":"http:\/\/875jahrekirchgoens.de\/index.php?rest_route=\/wp\/v2\/posts\/14614","targetHints":{"allow":["GET"]}}],"collection":[{"href":"http:\/\/875jahrekirchgoens.de\/index.php?rest_route=\/wp\/v2\/posts"}],"about":[{"href":"http:\/\/875jahrekirchgoens.de\/index.php?rest_route=\/wp\/v2\/types\/post"}],"author":[{"embeddable":true,"href":"http:\/\/875jahrekirchgoens.de\/index.php?rest_route=\/wp\/v2\/users\/1"}],"replies":[{"embeddable":true,"href":"http:\/\/875jahrekirchgoens.de\/index.php?rest_route=%2Fwp%2Fv2%2Fcomments&post=14614"}],"version-history":[{"count":1,"href":"http:\/\/875jahrekirchgoens.de\/index.php?rest_route=\/wp\/v2\/posts\/14614\/revisions"}],"predecessor-version":[{"id":14618,"href":"http:\/\/875jahrekirchgoens.de\/index.php?rest_route=\/wp\/v2\/posts\/14614\/revisions\/14618"}],"wp:attachment":[{"href":"http:\/\/875jahrekirchgoens.de\/index.php?rest_route=%2Fwp%2Fv2%2Fmedia&parent=14614"}],"wp:term":[{"taxonomy":"category","embeddable":true,"href":"http:\/\/875jahrekirchgoens.de\/index.php?rest_route=%2Fwp%2Fv2%2Fcategories&post=14614"},{"taxonomy":"post_tag","embeddable":true,"href":"http:\/\/875jahrekirchgoens.de\/index.php?rest_route=%2Fwp%2Fv2%2Ftags&post=14614"}],"curies":[{"name":"wp","href":"https:\/\/api.w.org\/{rel}","templated":true}]}}