{"id":14623,"date":"2022-05-09T11:50:00","date_gmt":"2022-05-09T11:50:00","guid":{"rendered":"http:\/\/875jahrekirchgoens.de\/?p=14623"},"modified":"2024-02-03T11:54:34","modified_gmt":"2024-02-03T11:54:34","slug":"sechzig-jahre-vereinsarbeit","status":"publish","type":"post","link":"http:\/\/875jahrekirchgoens.de\/?p=14623","title":{"rendered":"Sechzig Jahre Vereinsarbeit"},"content":{"rendered":"\n<p>In der diesj\u00e4hrigen Jahreshauptversammlung des Turnverein Vorw\u00e4rts 1891 Kirch-G\u00f6ns e. V. wurden Ende April Marco Reinhard f\u00fcr zwanzigj\u00e4hrige Vereinsarbeit und Vorsitzender Thorsten Metz f\u00fcr drei\u00dfigj\u00e4hrige Vereinsarbeit und zwanzigj\u00e4hrige Amtszeit als 1. Vorsitzender geehrt. Die verhinderte und aus dem Vorstand ausgeschiedene Stephanie Sohn wurde f\u00fcr zehnj\u00e4hrige Vereinsarbeit als 2. Kassiererin geehrt. Reinhard trat 2002 in den Vorstand des TV ein und begleitet seitdem das Amt als 2. Schriftf\u00fchrer. Unter anderem ist der ehemalige Handballer Reinhard noch als Schiedsrichter f\u00fcr die Handballabteilung und als Funktion\u00e4r in der Freizeitsportabteilung des TV t\u00e4tig. Ferner begleitete Reinhard das Amt als Schiedsrichterwart in der Handballabteilung. Metz war von 1992 bis 2002 Abteilungsleiter der Freizeitsportabteilung im TV. In 2002 \u00fcbernahm Metz das Amt des 1. Vorsitzenden vom Vorg\u00e4nger Rudi Weber beim TV. Metz war des Weiteren in seiner bisherigen Vereinst\u00e4tigkeit f\u00fcnfundzwanzig Jahre aktiver Handballschiedsrichter mit den Gespannpartnern Frank Hankel und Alexander G\u00e4rtner und leitete Spiele in der Oberliga Hessen und im Bezirk Gie\u00dfen. Der 2. Vorsitzende Torsten Klein bedankte sich bei den Ehrenden f\u00fcr ihr bisheriges Engagement und \u00fcbergab ein Pr\u00e4sent.<\/p>\n\n\n\n<p>Quelle und Bild: TV Kirch-G\u00f6ns vom 9. Mai 2022<\/p>\n\n\n\n<figure class=\"wp-block-image size-full\"><img loading=\"lazy\" decoding=\"async\" width=\"592\" height=\"394\" src=\"http:\/\/875jahrekirchgoens.de\/wp-content\/uploads\/2024\/02\/60-Bild1.jpg\" alt=\"\" class=\"wp-image-14626\" srcset=\"http:\/\/875jahrekirchgoens.de\/wp-content\/uploads\/2024\/02\/60-Bild1.jpg 592w, http:\/\/875jahrekirchgoens.de\/wp-content\/uploads\/2024\/02\/60-Bild1-300x200.jpg 300w\" sizes=\"auto, (max-width: 592px) 100vw, 592px\" \/><figcaption class=\"wp-element-caption\">Ehrungen f\u00fcr Vereinsarbeit an Vorsitzender Thorsten Metz (l.) und Marco Reinhard durch den 2. Vorsitzenden Torsten Klein (r.).<\/figcaption><\/figure>\n","protected":false},"excerpt":{"rendered":"<p>In der diesj\u00e4hrigen Jahreshauptversammlung des Turnverein Vorw\u00e4rts 1891 Kirch-G\u00f6ns e. V. wurden Ende April Marco Reinhard f\u00fcr zwanzigj\u00e4hrige Vereinsarbeit und Vorsitzender Thorsten Metz f\u00fcr drei\u00dfigj\u00e4hrige Vereinsarbeit und zwanzigj\u00e4hrige Amtszeit als 1. Vorsitzender geehrt. Die verhinderte und aus dem Vorstand ausgeschiedene Stephanie Sohn wurde f\u00fcr zehnj\u00e4hrige Vereinsarbeit als 2. Kassiererin geehrt. Reinhard trat 2002 in den &#8230; <a title=\"Sechzig Jahre Vereinsarbeit\" class=\"read-more\" href=\"http:\/\/875jahrekirchgoens.de\/?p=14623\" aria-label=\"Mehr Informationen \u00fcber Sechzig Jahre Vereinsarbeit\">Weiterlesen<\/a><\/p>\n","protected":false},"author":1,"featured_media":0,"comment_status":"closed","ping_status":"open","sticky":false,"template":"","format":"standard","meta":{"footnotes":""},"categories":[1],"tags":[],"class_list":["post-14623","post","type-post","status-publish","format-standard","hentry","category-infos"],"_links":{"self":[{"href":"http:\/\/875jahrekirchgoens.de\/index.php?rest_route=\/wp\/v2\/posts\/14623","targetHints":{"allow":["GET"]}}],"collection":[{"href":"http:\/\/875jahrekirchgoens.de\/index.php?rest_route=\/wp\/v2\/posts"}],"about":[{"href":"http:\/\/875jahrekirchgoens.de\/index.php?rest_route=\/wp\/v2\/types\/post"}],"author":[{"embeddable":true,"href":"http:\/\/875jahrekirchgoens.de\/index.php?rest_route=\/wp\/v2\/users\/1"}],"replies":[{"embeddable":true,"href":"http:\/\/875jahrekirchgoens.de\/index.php?rest_route=%2Fwp%2Fv2%2Fcomments&post=14623"}],"version-history":[{"count":1,"href":"http:\/\/875jahrekirchgoens.de\/index.php?rest_route=\/wp\/v2\/posts\/14623\/revisions"}],"predecessor-version":[{"id":14627,"href":"http:\/\/875jahrekirchgoens.de\/index.php?rest_route=\/wp\/v2\/posts\/14623\/revisions\/14627"}],"wp:attachment":[{"href":"http:\/\/875jahrekirchgoens.de\/index.php?rest_route=%2Fwp%2Fv2%2Fmedia&parent=14623"}],"wp:term":[{"taxonomy":"category","embeddable":true,"href":"http:\/\/875jahrekirchgoens.de\/index.php?rest_route=%2Fwp%2Fv2%2Fcategories&post=14623"},{"taxonomy":"post_tag","embeddable":true,"href":"http:\/\/875jahrekirchgoens.de\/index.php?rest_route=%2Fwp%2Fv2%2Ftags&post=14623"}],"curies":[{"name":"wp","href":"https:\/\/api.w.org\/{rel}","templated":true}]}}