{"id":14634,"date":"2016-05-31T12:04:00","date_gmt":"2016-05-31T12:04:00","guid":{"rendered":"http:\/\/875jahrekirchgoens.de\/?p=14634"},"modified":"2024-02-03T12:06:00","modified_gmt":"2024-02-03T12:06:00","slug":"uebergabe-von-jubilaeumsshirts-an-den-kindergarten","status":"publish","type":"post","link":"http:\/\/875jahrekirchgoens.de\/?p=14634","title":{"rendered":"\u00dcbergabe von Jubil\u00e4umsshirts an den Kindergarten"},"content":{"rendered":"\n<p>Im Rahmen des 125j\u00e4hrigen Jubil\u00e4ums des Turnvereins 1891 \u201eVorw\u00e4rts\u201c Kirch-G\u00f6ns \u00fcbergab Vorstandsmitglied Tina Klein (rechts im Bild) T-Shirts f\u00fcr alle Kinder und die Erzieher\/innen des Kindergartens Kirch-G\u00f6ns an die dortige Leiterin Silke Bolz-Lowak (links). Gesponsert wurden diese durch die in Gie\u00dfen ans\u00e4ssige <a href=\"http:\/\/peppler.de\/\">Firma Peppler GmbH<\/a>. Die Kinder der roten und gelben Gruppe sowie die \u201eK\u00fcken\u201c werden die T-Shirts anl\u00e4sslich des Festumzuges am kommenden Sonntag sicherlich mit Stolz den Eltern und der Dorfgemeinschaft pr\u00e4sentieren.<\/p>\n\n\n\n<p>Quelle und Bild: TV Kirch-G\u00f6ns vom 31. Mai 2016<\/p>\n\n\n\n<figure class=\"wp-block-image size-full\"><img loading=\"lazy\" decoding=\"async\" width=\"652\" height=\"367\" src=\"http:\/\/875jahrekirchgoens.de\/wp-content\/uploads\/2024\/02\/Shirt-Bild1.jpg\" alt=\"\" class=\"wp-image-14635\" srcset=\"http:\/\/875jahrekirchgoens.de\/wp-content\/uploads\/2024\/02\/Shirt-Bild1.jpg 652w, http:\/\/875jahrekirchgoens.de\/wp-content\/uploads\/2024\/02\/Shirt-Bild1-300x169.jpg 300w\" sizes=\"auto, (max-width: 652px) 100vw, 652px\" \/><\/figure>\n","protected":false},"excerpt":{"rendered":"<p>Im Rahmen des 125j\u00e4hrigen Jubil\u00e4ums des Turnvereins 1891 \u201eVorw\u00e4rts\u201c Kirch-G\u00f6ns \u00fcbergab Vorstandsmitglied Tina Klein (rechts im Bild) T-Shirts f\u00fcr alle Kinder und die Erzieher\/innen des Kindergartens Kirch-G\u00f6ns an die dortige Leiterin Silke Bolz-Lowak (links). Gesponsert wurden diese durch die in Gie\u00dfen ans\u00e4ssige Firma Peppler GmbH. Die Kinder der roten und gelben Gruppe sowie die \u201eK\u00fcken\u201c &#8230; <a title=\"\u00dcbergabe von Jubil\u00e4umsshirts an den Kindergarten\" class=\"read-more\" href=\"http:\/\/875jahrekirchgoens.de\/?p=14634\" aria-label=\"Mehr Informationen \u00fcber \u00dcbergabe von Jubil\u00e4umsshirts an den Kindergarten\">Weiterlesen<\/a><\/p>\n","protected":false},"author":1,"featured_media":0,"comment_status":"closed","ping_status":"open","sticky":false,"template":"","format":"standard","meta":{"footnotes":""},"categories":[1],"tags":[],"class_list":["post-14634","post","type-post","status-publish","format-standard","hentry","category-infos"],"_links":{"self":[{"href":"http:\/\/875jahrekirchgoens.de\/index.php?rest_route=\/wp\/v2\/posts\/14634","targetHints":{"allow":["GET"]}}],"collection":[{"href":"http:\/\/875jahrekirchgoens.de\/index.php?rest_route=\/wp\/v2\/posts"}],"about":[{"href":"http:\/\/875jahrekirchgoens.de\/index.php?rest_route=\/wp\/v2\/types\/post"}],"author":[{"embeddable":true,"href":"http:\/\/875jahrekirchgoens.de\/index.php?rest_route=\/wp\/v2\/users\/1"}],"replies":[{"embeddable":true,"href":"http:\/\/875jahrekirchgoens.de\/index.php?rest_route=%2Fwp%2Fv2%2Fcomments&post=14634"}],"version-history":[{"count":1,"href":"http:\/\/875jahrekirchgoens.de\/index.php?rest_route=\/wp\/v2\/posts\/14634\/revisions"}],"predecessor-version":[{"id":14636,"href":"http:\/\/875jahrekirchgoens.de\/index.php?rest_route=\/wp\/v2\/posts\/14634\/revisions\/14636"}],"wp:attachment":[{"href":"http:\/\/875jahrekirchgoens.de\/index.php?rest_route=%2Fwp%2Fv2%2Fmedia&parent=14634"}],"wp:term":[{"taxonomy":"category","embeddable":true,"href":"http:\/\/875jahrekirchgoens.de\/index.php?rest_route=%2Fwp%2Fv2%2Fcategories&post=14634"},{"taxonomy":"post_tag","embeddable":true,"href":"http:\/\/875jahrekirchgoens.de\/index.php?rest_route=%2Fwp%2Fv2%2Ftags&post=14634"}],"curies":[{"name":"wp","href":"https:\/\/api.w.org\/{rel}","templated":true}]}}