{"id":14637,"date":"2016-06-04T12:06:00","date_gmt":"2016-06-04T12:06:00","guid":{"rendered":"http:\/\/875jahrekirchgoens.de\/?p=14637"},"modified":"2024-02-03T12:09:08","modified_gmt":"2024-02-03T12:09:08","slug":"mps-turnhalle-muss-den-vereinen-umgehend-wieder-zur-verfuegung-stehen","status":"publish","type":"post","link":"http:\/\/875jahrekirchgoens.de\/?p=14637","title":{"rendered":"MPS-Turnhalle muss den Vereinen umgehend wieder zur Verf\u00fcgung stehen"},"content":{"rendered":"\n<p><em>Ortsvorsteher von Kirch- und Pohl-G\u00f6ns: Vereine sind stark beeintr\u00e4chtigt<\/em><\/p>\n\n\n\n<p>Die Ortsvorsteher von Kirch- und Pohl-G\u00f6ns, Stefan Euler und Bernhard Dern, fordern in einer gemeinsamen Pressemitteilung die schnellstm\u00f6gliche \u201eWieder-Nutzung\u201c der MPS-Turnhalle f\u00fcr die Vereine und den Schulsport. Nachdem nur seit vielen Wochen kein einziger Fl\u00fcchtling mehr in der Einrichtung des Kreises untergebracht sei, sei es nun an der Zeit, die Halle wieder dem eigentlichen Nutzungszweck zuzuf\u00fchren. Der Wetteraukreis bleibt allerdings zun\u00e4chst dabei, dass die Halle als \u201eStand-by\u201c f\u00fcr die Fl\u00fcchtlingsbetreuung vorgehalten wird, wie Moritz K\u00fchn von der Pressestelle des Kreises auf BZ-Anfrage mitteilte. Eine \u00dcberpr\u00fcfung: ob dieser Zustand beibehalten wird, erfolgte im Juli, erkl\u00e4rte er gestern. \u201eSeit Wochen ist Stillstand und vom Kreis kommt kein Signal, wie es weiter gehen soll. Die B\u00fcrgerinnen und B\u00fcrger von Kirch- und Pohl-G\u00f6ns haben sich sehr stark engagiert f\u00fcr die Fl\u00fcchtlingsbetreuung und alle haben Verst\u00e4ndnis f\u00fcr die kurzfristige Umnutzung als Notunterkunft gehabt. Nun ist es jedoch an der Zeit, den Vereinen die Nutzung wieder m\u00f6glich zu machen\u201c, so Dern. Die Halle habe eine gro\u00dfe Bedeutung f\u00fcr den Sport in den G\u00f6ns-Gemeinden, hei\u00dft es in der Pressemitteilung der beiden Ortsvorsteher. \u201cSo seien derzeit nur eingeschr\u00e4nkte Trainingsm\u00f6glichkeiten f\u00fcr die Turner, die Tischtennisspieler und f\u00fcr eine Vielzahl von Breitensportgruppen gegeben. Diese Gruppen seinen derzeit in Ausweichquartieren, k\u00f6nnen aber ihren Sport nur eingeschr\u00e4nkt aus\u00fcben, was mittlerweile auch auf Wettk\u00e4mpfe Auswirkungen hat\u201c, so der Ortsvorsteher von Kirch-G\u00f6ns, Euler. Mit Skepsis wird das weitere Vorgehen des Kreises erwartet. Dass die Halle in keinem sonderlich guten Zustand ist, sei kein Geheimnis. Der Kreis m\u00fcsse seiner Verantwortung gerecht werden und die Halle zukunftsfit machen und d\u00fcrfe nicht die Stadt Butzbach mit diesem Problem im Regen stehen lassen. Auf dem Hessentag in Herborn habe Ministerpr\u00e4sident Volker Bouffier den B\u00fcrgermeistern aus Hessen die aktuellen Zahlen der Fl\u00fcchtlinge vorgestellt. Ganz deutlich werde bei diesen Zahlen, dass ein Back-Up wie die Turnhallen, derzeit \u00fcberhaupt nicht n\u00f6tig sei und durch den Ausbau der Kaserne in Friedberg auch zuk\u00fcnftig nicht von einem solchen Bedarf auszugehen sei. Die Ortsbeir\u00e4te w\u00e4ren erfreut, \u00fcber die aktuelle Planung in Kenntnis gesetzt zu werden, damit die B\u00fcrgerinnen und B\u00fcrger diese Information aus erster Hand erhalten.<\/p>\n\n\n\n<p>Quelle und Bilder: Butzbacher Zeitung vom 4. Juni 2016<\/p>\n\n\n\n<figure class=\"wp-block-image size-full\"><img loading=\"lazy\" decoding=\"async\" width=\"346\" height=\"266\" src=\"http:\/\/875jahrekirchgoens.de\/wp-content\/uploads\/2024\/02\/Turnhalle-Bild1.png\" alt=\"\" class=\"wp-image-14639\" srcset=\"http:\/\/875jahrekirchgoens.de\/wp-content\/uploads\/2024\/02\/Turnhalle-Bild1.png 346w, http:\/\/875jahrekirchgoens.de\/wp-content\/uploads\/2024\/02\/Turnhalle-Bild1-300x231.png 300w\" sizes=\"auto, (max-width: 346px) 100vw, 346px\" \/><\/figure>\n","protected":false},"excerpt":{"rendered":"<p>Ortsvorsteher von Kirch- und Pohl-G\u00f6ns: Vereine sind stark beeintr\u00e4chtigt Die Ortsvorsteher von Kirch- und Pohl-G\u00f6ns, Stefan Euler und Bernhard Dern, fordern in einer gemeinsamen Pressemitteilung die schnellstm\u00f6gliche \u201eWieder-Nutzung\u201c der MPS-Turnhalle f\u00fcr die Vereine und den Schulsport. Nachdem nur seit vielen Wochen kein einziger Fl\u00fcchtling mehr in der Einrichtung des Kreises untergebracht sei, sei es nun &#8230; <a title=\"MPS-Turnhalle muss den Vereinen umgehend wieder zur Verf\u00fcgung stehen\" class=\"read-more\" href=\"http:\/\/875jahrekirchgoens.de\/?p=14637\" aria-label=\"Mehr Informationen \u00fcber MPS-Turnhalle muss den Vereinen umgehend wieder zur Verf\u00fcgung stehen\">Weiterlesen<\/a><\/p>\n","protected":false},"author":1,"featured_media":0,"comment_status":"closed","ping_status":"open","sticky":false,"template":"","format":"standard","meta":{"footnotes":""},"categories":[1],"tags":[],"class_list":["post-14637","post","type-post","status-publish","format-standard","hentry","category-infos"],"_links":{"self":[{"href":"http:\/\/875jahrekirchgoens.de\/index.php?rest_route=\/wp\/v2\/posts\/14637","targetHints":{"allow":["GET"]}}],"collection":[{"href":"http:\/\/875jahrekirchgoens.de\/index.php?rest_route=\/wp\/v2\/posts"}],"about":[{"href":"http:\/\/875jahrekirchgoens.de\/index.php?rest_route=\/wp\/v2\/types\/post"}],"author":[{"embeddable":true,"href":"http:\/\/875jahrekirchgoens.de\/index.php?rest_route=\/wp\/v2\/users\/1"}],"replies":[{"embeddable":true,"href":"http:\/\/875jahrekirchgoens.de\/index.php?rest_route=%2Fwp%2Fv2%2Fcomments&post=14637"}],"version-history":[{"count":1,"href":"http:\/\/875jahrekirchgoens.de\/index.php?rest_route=\/wp\/v2\/posts\/14637\/revisions"}],"predecessor-version":[{"id":14640,"href":"http:\/\/875jahrekirchgoens.de\/index.php?rest_route=\/wp\/v2\/posts\/14637\/revisions\/14640"}],"wp:attachment":[{"href":"http:\/\/875jahrekirchgoens.de\/index.php?rest_route=%2Fwp%2Fv2%2Fmedia&parent=14637"}],"wp:term":[{"taxonomy":"category","embeddable":true,"href":"http:\/\/875jahrekirchgoens.de\/index.php?rest_route=%2Fwp%2Fv2%2Fcategories&post=14637"},{"taxonomy":"post_tag","embeddable":true,"href":"http:\/\/875jahrekirchgoens.de\/index.php?rest_route=%2Fwp%2Fv2%2Ftags&post=14637"}],"curies":[{"name":"wp","href":"https:\/\/api.w.org\/{rel}","templated":true}]}}