{"id":14641,"date":"2016-06-21T12:09:00","date_gmt":"2016-06-21T12:09:00","guid":{"rendered":"http:\/\/875jahrekirchgoens.de\/?p=14641"},"modified":"2024-02-03T12:14:41","modified_gmt":"2024-02-03T12:14:41","slug":"dankeschoen-vom-tv-kirch-goens-an-wilfried-cott","status":"publish","type":"post","link":"http:\/\/875jahrekirchgoens.de\/?p=14641","title":{"rendered":"Dankesch\u00f6n vom TV Kirch-G\u00f6ns an Wilfried Cott"},"content":{"rendered":"\n<p>Anl\u00e4sslich des Engagements an der akademischen Feier des TV Vorw\u00e4rts 1891 Kirch-G\u00f6ns am 19. M\u00e4rz 2016 und dem Jubil\u00e4umswochenende vom 3. bis 5. Juni 2016 \u00fcberreichte eine Abordnung des TV-Vorstandes einen Gutschein und ein Bild an das langj\u00e4hrige Vereinsmitglied Wilfried Cott. Cott war hauptamtlich an den vorgenannten Veranstaltungstagen als Bewirtungschef f\u00fcr den TV im Einsatz. Viele Stunden der Vorbereitung und tatkr\u00e4ftigen Unterst\u00fctzung f\u00fchrten dazu, dass der TV mit gutem Erfolg die Events veranstaltet hatte.<\/p>\n\n\n\n<p>Quelle und Bild: TV Kirch-G\u00f6ns vom 21. Juli 2016<\/p>\n\n\n\n<figure class=\"wp-block-image size-full\"><img loading=\"lazy\" decoding=\"async\" width=\"752\" height=\"506\" src=\"http:\/\/875jahrekirchgoens.de\/wp-content\/uploads\/2024\/02\/Cott-Bild1.jpg\" alt=\"\" class=\"wp-image-14643\" srcset=\"http:\/\/875jahrekirchgoens.de\/wp-content\/uploads\/2024\/02\/Cott-Bild1.jpg 752w, http:\/\/875jahrekirchgoens.de\/wp-content\/uploads\/2024\/02\/Cott-Bild1-300x202.jpg 300w\" sizes=\"auto, (max-width: 752px) 100vw, 752px\" \/><figcaption class=\"wp-element-caption\">Im Bild von links Marco Reinhard, Thorsten Metz, Wilfried Cott und Kristina Euler<\/figcaption><\/figure>\n","protected":false},"excerpt":{"rendered":"<p>Anl\u00e4sslich des Engagements an der akademischen Feier des TV Vorw\u00e4rts 1891 Kirch-G\u00f6ns am 19. M\u00e4rz 2016 und dem Jubil\u00e4umswochenende vom 3. bis 5. Juni 2016 \u00fcberreichte eine Abordnung des TV-Vorstandes einen Gutschein und ein Bild an das langj\u00e4hrige Vereinsmitglied Wilfried Cott. Cott war hauptamtlich an den vorgenannten Veranstaltungstagen als Bewirtungschef f\u00fcr den TV im Einsatz. &#8230; <a title=\"Dankesch\u00f6n vom TV Kirch-G\u00f6ns an Wilfried Cott\" class=\"read-more\" href=\"http:\/\/875jahrekirchgoens.de\/?p=14641\" aria-label=\"Mehr Informationen \u00fcber Dankesch\u00f6n vom TV Kirch-G\u00f6ns an Wilfried Cott\">Weiterlesen<\/a><\/p>\n","protected":false},"author":1,"featured_media":0,"comment_status":"closed","ping_status":"open","sticky":false,"template":"","format":"standard","meta":{"footnotes":""},"categories":[1],"tags":[],"class_list":["post-14641","post","type-post","status-publish","format-standard","hentry","category-infos"],"_links":{"self":[{"href":"http:\/\/875jahrekirchgoens.de\/index.php?rest_route=\/wp\/v2\/posts\/14641","targetHints":{"allow":["GET"]}}],"collection":[{"href":"http:\/\/875jahrekirchgoens.de\/index.php?rest_route=\/wp\/v2\/posts"}],"about":[{"href":"http:\/\/875jahrekirchgoens.de\/index.php?rest_route=\/wp\/v2\/types\/post"}],"author":[{"embeddable":true,"href":"http:\/\/875jahrekirchgoens.de\/index.php?rest_route=\/wp\/v2\/users\/1"}],"replies":[{"embeddable":true,"href":"http:\/\/875jahrekirchgoens.de\/index.php?rest_route=%2Fwp%2Fv2%2Fcomments&post=14641"}],"version-history":[{"count":1,"href":"http:\/\/875jahrekirchgoens.de\/index.php?rest_route=\/wp\/v2\/posts\/14641\/revisions"}],"predecessor-version":[{"id":14644,"href":"http:\/\/875jahrekirchgoens.de\/index.php?rest_route=\/wp\/v2\/posts\/14641\/revisions\/14644"}],"wp:attachment":[{"href":"http:\/\/875jahrekirchgoens.de\/index.php?rest_route=%2Fwp%2Fv2%2Fmedia&parent=14641"}],"wp:term":[{"taxonomy":"category","embeddable":true,"href":"http:\/\/875jahrekirchgoens.de\/index.php?rest_route=%2Fwp%2Fv2%2Fcategories&post=14641"},{"taxonomy":"post_tag","embeddable":true,"href":"http:\/\/875jahrekirchgoens.de\/index.php?rest_route=%2Fwp%2Fv2%2Ftags&post=14641"}],"curies":[{"name":"wp","href":"https:\/\/api.w.org\/{rel}","templated":true}]}}