{"id":14645,"date":"2016-07-21T12:14:00","date_gmt":"2016-07-21T12:14:00","guid":{"rendered":"http:\/\/875jahrekirchgoens.de\/?p=14645"},"modified":"2024-02-03T12:17:45","modified_gmt":"2024-02-03T12:17:45","slug":"ah-handballer-waren-von-koblenz-begeistert","status":"publish","type":"post","link":"http:\/\/875jahrekirchgoens.de\/?p=14645","title":{"rendered":"AH-Handballer waren von Koblenz begeistert"},"content":{"rendered":"\n<p>Drei unvergessliche Tage verbrachten 15 AH-Handballer der SG Kirch-\/Pohl-G\u00f6ns im oberen Mittelrheintal. Ihr diesj\u00e4hriges Ausflugsziel war das 113 000 Einwohner z\u00e4hlende Koblenz, das r\u00f6mische \u201eConfluentes&#8220;. Am Zusammenfluss von Rhein und Mosel, umgeben von den vier Mittelgebirgen Eifel, Hunsr\u00fcck, Westerwald und Taunus, f\u00fchlten sich die Alt-Handballer in eine der sch\u00f6nsten und \u00e4ltesten St\u00e4dte Deutschlands. pudelwohl. Koblenz z\u00e4hlt zum UNESCO-Weltkulturerbe und hat unz\u00e4hlige bauliche Sch\u00e4tze aus vielen Jahrhunderten. Untergebracht waren die Besucher aus der n\u00f6rdlichsten Wetterau im Herzen der Koblenzer Altstadt. Von Freitag bis Sonntag war das zentral gelegene Hotel mit Weinstube ,,Kornpforte&#8220; das Domizil der \u201eAlten Herren&#8220;. In Koblenz fand am letzten Wochenende das seit 1975 regelm\u00e4\u00dfig gefeierte Koblenzer Altstadtfest mit zahlreichen B\u00fchnen- und Live-Auftritten diverser Bands statt. Auch ein Besuch des weltber\u00fchmten \u201eDeutschen Ecks&#8220;, wo Vater Rhein auf Mutter Mosel trifft, geh\u00f6rte zum Besuchsprogramm. Am Freitag gab es eine Altstadtf\u00fchrung und am Samstag eine ausgedehnte. Halbtages-Bootsfahrt den Rhein hinunter nach Boppard, vorbei an bekannten Weinorten und Burgen. Abends st\u00e4rkte man sich mit Koblenzer Spezialit\u00e4ten, und am Sonntag schlug die Abschiedsstunde. Die Lahntalbahn brachte die Reisenden wieder in die Heimat zur\u00fcck.<\/p>\n\n\n\n<p>Quelle und Bild: Butzbacher Zeitung vom 21. Juli 2016<\/p>\n\n\n\n<figure class=\"wp-block-image size-full\"><img loading=\"lazy\" decoding=\"async\" width=\"301\" height=\"171\" src=\"http:\/\/875jahrekirchgoens.de\/wp-content\/uploads\/2024\/02\/AH-Hand-Bild1.png\" alt=\"\" class=\"wp-image-14648\"\/><\/figure>\n","protected":false},"excerpt":{"rendered":"<p>Drei unvergessliche Tage verbrachten 15 AH-Handballer der SG Kirch-\/Pohl-G\u00f6ns im oberen Mittelrheintal. Ihr diesj\u00e4hriges Ausflugsziel war das 113 000 Einwohner z\u00e4hlende Koblenz, das r\u00f6mische \u201eConfluentes&#8220;. Am Zusammenfluss von Rhein und Mosel, umgeben von den vier Mittelgebirgen Eifel, Hunsr\u00fcck, Westerwald und Taunus, f\u00fchlten sich die Alt-Handballer in eine der sch\u00f6nsten und \u00e4ltesten St\u00e4dte Deutschlands. pudelwohl. Koblenz &#8230; <a title=\"AH-Handballer waren von Koblenz begeistert\" class=\"read-more\" href=\"http:\/\/875jahrekirchgoens.de\/?p=14645\" aria-label=\"Mehr Informationen \u00fcber AH-Handballer waren von Koblenz begeistert\">Weiterlesen<\/a><\/p>\n","protected":false},"author":1,"featured_media":0,"comment_status":"closed","ping_status":"open","sticky":false,"template":"","format":"standard","meta":{"footnotes":""},"categories":[1],"tags":[],"class_list":["post-14645","post","type-post","status-publish","format-standard","hentry","category-infos"],"_links":{"self":[{"href":"http:\/\/875jahrekirchgoens.de\/index.php?rest_route=\/wp\/v2\/posts\/14645","targetHints":{"allow":["GET"]}}],"collection":[{"href":"http:\/\/875jahrekirchgoens.de\/index.php?rest_route=\/wp\/v2\/posts"}],"about":[{"href":"http:\/\/875jahrekirchgoens.de\/index.php?rest_route=\/wp\/v2\/types\/post"}],"author":[{"embeddable":true,"href":"http:\/\/875jahrekirchgoens.de\/index.php?rest_route=\/wp\/v2\/users\/1"}],"replies":[{"embeddable":true,"href":"http:\/\/875jahrekirchgoens.de\/index.php?rest_route=%2Fwp%2Fv2%2Fcomments&post=14645"}],"version-history":[{"count":1,"href":"http:\/\/875jahrekirchgoens.de\/index.php?rest_route=\/wp\/v2\/posts\/14645\/revisions"}],"predecessor-version":[{"id":14649,"href":"http:\/\/875jahrekirchgoens.de\/index.php?rest_route=\/wp\/v2\/posts\/14645\/revisions\/14649"}],"wp:attachment":[{"href":"http:\/\/875jahrekirchgoens.de\/index.php?rest_route=%2Fwp%2Fv2%2Fmedia&parent=14645"}],"wp:term":[{"taxonomy":"category","embeddable":true,"href":"http:\/\/875jahrekirchgoens.de\/index.php?rest_route=%2Fwp%2Fv2%2Fcategories&post=14645"},{"taxonomy":"post_tag","embeddable":true,"href":"http:\/\/875jahrekirchgoens.de\/index.php?rest_route=%2Fwp%2Fv2%2Ftags&post=14645"}],"curies":[{"name":"wp","href":"https:\/\/api.w.org\/{rel}","templated":true}]}}