{"id":14650,"date":"2016-07-23T12:17:00","date_gmt":"2016-07-23T12:17:00","guid":{"rendered":"http:\/\/875jahrekirchgoens.de\/?p=14650"},"modified":"2024-02-03T12:23:59","modified_gmt":"2024-02-03T12:23:59","slug":"zahlen-fehlen-noch-nichts-entschieden-zu-schulturnhalle","status":"publish","type":"post","link":"http:\/\/875jahrekirchgoens.de\/?p=14650","title":{"rendered":"Zahlen fehlen: Noch nichts entschieden zu Schulturnhalle"},"content":{"rendered":"\n<p><em>Kreis Kirch-\/Pohl-G\u00f6ns: Noch liegt keine Fl\u00fcchtlingsank\u00fcndigung vor<\/em><\/p>\n\n\n\n<p>Noch gibt es keinen neuen Stand zur Belegung der G\u00f6nser Grundschule, der ehemaligen Mittelpunktschule Oberer H\u00fcttenberg. Das sagte der Pressesprecher des Wetteraukreises Michael Elsa\u00df gestern auf BZ-Anfrage. Es liegen vom Land noch keine Zuweisungszahlen f\u00fcr Fl\u00fcchtlinge vor. Vor wenigen Wochen hatte der zust\u00e4ndige Sozialdezernent Helmut Betschel darauf hingewiesen, dass die Entscheidung des Kreises, inwieweit die Halle als Notunterkunft, wenn auch derzeit leerstehend, bereitgehalten wird, von den Zahlen abh\u00e4ngig ist. Doch noch liegt die Prognose der Verwaltung noch nicht vor, sagte Elsa\u00df. Sobald diese eintr\u00e4fe, werden sich der Kreisausschuss mit dem Thema befassen. Elsa\u00df sagte aber auch, dass es fraglich sei, inwieweit die vom Land gelieferten Zahlen belastbar seien. \u201eMan wei\u00df nicht, wie sich die Situation entwickelt.\u201c Die Halle auszur\u00e4umen und bei Bedarf wieder einzurichten, bedeutet einen hohen Aufwand. Derzeit seien aber Sommerferien und der Schulsport an der Grundschule sei geregelt. Darauf hatte auch Betschel k\u00fcrzlich hingewiesen.<\/p>\n\n\n\n<p>Quelle: Butzbacher Zeitung vom 23. Juli 2016<\/p>\n","protected":false},"excerpt":{"rendered":"<p>Kreis Kirch-\/Pohl-G\u00f6ns: Noch liegt keine Fl\u00fcchtlingsank\u00fcndigung vor Noch gibt es keinen neuen Stand zur Belegung der G\u00f6nser Grundschule, der ehemaligen Mittelpunktschule Oberer H\u00fcttenberg. Das sagte der Pressesprecher des Wetteraukreises Michael Elsa\u00df gestern auf BZ-Anfrage. Es liegen vom Land noch keine Zuweisungszahlen f\u00fcr Fl\u00fcchtlinge vor. Vor wenigen Wochen hatte der zust\u00e4ndige Sozialdezernent Helmut Betschel darauf hingewiesen, &#8230; <a title=\"Zahlen fehlen: Noch nichts entschieden zu Schulturnhalle\" class=\"read-more\" href=\"http:\/\/875jahrekirchgoens.de\/?p=14650\" aria-label=\"Mehr Informationen \u00fcber Zahlen fehlen: Noch nichts entschieden zu Schulturnhalle\">Weiterlesen<\/a><\/p>\n","protected":false},"author":1,"featured_media":0,"comment_status":"closed","ping_status":"open","sticky":false,"template":"","format":"standard","meta":{"footnotes":""},"categories":[1],"tags":[],"class_list":["post-14650","post","type-post","status-publish","format-standard","hentry","category-infos"],"_links":{"self":[{"href":"http:\/\/875jahrekirchgoens.de\/index.php?rest_route=\/wp\/v2\/posts\/14650","targetHints":{"allow":["GET"]}}],"collection":[{"href":"http:\/\/875jahrekirchgoens.de\/index.php?rest_route=\/wp\/v2\/posts"}],"about":[{"href":"http:\/\/875jahrekirchgoens.de\/index.php?rest_route=\/wp\/v2\/types\/post"}],"author":[{"embeddable":true,"href":"http:\/\/875jahrekirchgoens.de\/index.php?rest_route=\/wp\/v2\/users\/1"}],"replies":[{"embeddable":true,"href":"http:\/\/875jahrekirchgoens.de\/index.php?rest_route=%2Fwp%2Fv2%2Fcomments&post=14650"}],"version-history":[{"count":1,"href":"http:\/\/875jahrekirchgoens.de\/index.php?rest_route=\/wp\/v2\/posts\/14650\/revisions"}],"predecessor-version":[{"id":14653,"href":"http:\/\/875jahrekirchgoens.de\/index.php?rest_route=\/wp\/v2\/posts\/14650\/revisions\/14653"}],"wp:attachment":[{"href":"http:\/\/875jahrekirchgoens.de\/index.php?rest_route=%2Fwp%2Fv2%2Fmedia&parent=14650"}],"wp:term":[{"taxonomy":"category","embeddable":true,"href":"http:\/\/875jahrekirchgoens.de\/index.php?rest_route=%2Fwp%2Fv2%2Fcategories&post=14650"},{"taxonomy":"post_tag","embeddable":true,"href":"http:\/\/875jahrekirchgoens.de\/index.php?rest_route=%2Fwp%2Fv2%2Ftags&post=14650"}],"curies":[{"name":"wp","href":"https:\/\/api.w.org\/{rel}","templated":true}]}}