{"id":14654,"date":"2016-07-30T12:24:00","date_gmt":"2016-07-30T12:24:00","guid":{"rendered":"http:\/\/875jahrekirchgoens.de\/?p=14654"},"modified":"2024-02-03T12:26:28","modified_gmt":"2024-02-03T12:26:28","slug":"schulturnhalle-nicht-mehr-benoetigt","status":"publish","type":"post","link":"http:\/\/875jahrekirchgoens.de\/?p=14654","title":{"rendered":"Schulturnhalle nicht mehr ben\u00f6tigt"},"content":{"rendered":"\n<p><em>Fl\u00fcchtlinge \u2013 Kreis gibt Sporthalle der G\u00f6nser Grundschule frei \/ 319 Schutzsuchende angek\u00fcndigt<\/em><\/p>\n\n\n\n<p>Die Sporthalle der G\u00f6nser Grundschule wird nicht mehr als Notunterkunft f\u00fcr die Fl\u00fcchtlingsunterbringung bereitgehalten. Das berichtet der Wetteraukreis in einer Pressemitteilung. Im dritten Quartal 2016 werden 319 Fl\u00fcchtlinge durch das Regierungspr\u00e4sidium dem Wetteraukreis zugewiesen. ,,Die Ank\u00fcndigung des Regierungspr\u00e4sidiums erreichte uns dieser Tage&#8220;, berichtet Erster Kreisbeigeordneter und Sozialdezernent Helmut Betschel. Der Wetteraukreis hatte die Entscheidung unter anderem \u00fcber die Schulturnhalle, die bereits seit Monaten leer steht, von den Zahlen abh\u00e4ngig machen wollen, die das Land der Verwaltung meldet. Danach sollte umgehend der Kreisausschuss \u00fcber das weitere Vorgehen beschlie\u00dfen. \u201eWir wollen nicht ohne Not Einrichtungen dauerhaft ihrer urspr\u00fcnglichen Nutzung entziehen. Deshalb wird die Turnhalle an der G\u00f6nser-Grund-Schule in Kirch-\/Pohl-G\u00f6ns wieder ihrem Ursprungszweck zugef\u00fchrt. Die Sporthalle in Niddatal-Assenheim wird allerdings weiterhin als Lager genutzt, sie war allerdings ohnehin f\u00fcr den Abriss freigegeben. Die Schule hat mittlerweile eine neue Sporthalle. Eine Nutzung der alten Halle durch Schule oder Sportverein ist nicht mehr vorgesehen\u201c, so Sozialdezernent Betschel. Die Fl\u00fcchtlinge werden auf die St\u00e4dte und Gemeinden nach einem festgelegten Schl\u00fcssel verteilt, allerdings gibt es noch einige Kommunen, die ihre Quote im letzten Quartal nicht erreicht haben, die werden jetzt erst einmal vorrangig in die Pflicht genommen.\u201c, k\u00fcndigte Betschel an. Die Im Vergleich zum Vorjahr geringe Zahl an Fl\u00fcchtlingen f\u00fchrt Betschel auf die Schlie\u00dfung der Balkanroute und das Fl\u00fcchtlingsabkommen mit der T\u00fcrkei zur\u00fcck. Ob die Zahl weiterhin auf diesem niedrigen Niveau bleiben, verm\u00f6ge zum heutigen Zeitpunkt niemand voraussagen. Die St\u00e4dte und Gemeinden in der Wetterau haben ausreichend Kapazit\u00e4ten geschaffen, so dass die Unterbringung dieser Menschen in ordentlichen Unterk\u00fcnften m\u00f6glich ist. Dar\u00fcber zeigte sich der Sozialdezernent sehr erleichtert.<\/p>\n\n\n\n<p>Quelle: Butzbacher Zeitung vom 30. Juli 2016<\/p>\n","protected":false},"excerpt":{"rendered":"<p>Fl\u00fcchtlinge \u2013 Kreis gibt Sporthalle der G\u00f6nser Grundschule frei \/ 319 Schutzsuchende angek\u00fcndigt Die Sporthalle der G\u00f6nser Grundschule wird nicht mehr als Notunterkunft f\u00fcr die Fl\u00fcchtlingsunterbringung bereitgehalten. Das berichtet der Wetteraukreis in einer Pressemitteilung. Im dritten Quartal 2016 werden 319 Fl\u00fcchtlinge durch das Regierungspr\u00e4sidium dem Wetteraukreis zugewiesen. ,,Die Ank\u00fcndigung des Regierungspr\u00e4sidiums erreichte uns dieser Tage&#8220;, &#8230; <a title=\"Schulturnhalle nicht mehr ben\u00f6tigt\" class=\"read-more\" href=\"http:\/\/875jahrekirchgoens.de\/?p=14654\" aria-label=\"Mehr Informationen \u00fcber Schulturnhalle nicht mehr ben\u00f6tigt\">Weiterlesen<\/a><\/p>\n","protected":false},"author":1,"featured_media":0,"comment_status":"closed","ping_status":"open","sticky":false,"template":"","format":"standard","meta":{"footnotes":""},"categories":[1],"tags":[],"class_list":["post-14654","post","type-post","status-publish","format-standard","hentry","category-infos"],"_links":{"self":[{"href":"http:\/\/875jahrekirchgoens.de\/index.php?rest_route=\/wp\/v2\/posts\/14654","targetHints":{"allow":["GET"]}}],"collection":[{"href":"http:\/\/875jahrekirchgoens.de\/index.php?rest_route=\/wp\/v2\/posts"}],"about":[{"href":"http:\/\/875jahrekirchgoens.de\/index.php?rest_route=\/wp\/v2\/types\/post"}],"author":[{"embeddable":true,"href":"http:\/\/875jahrekirchgoens.de\/index.php?rest_route=\/wp\/v2\/users\/1"}],"replies":[{"embeddable":true,"href":"http:\/\/875jahrekirchgoens.de\/index.php?rest_route=%2Fwp%2Fv2%2Fcomments&post=14654"}],"version-history":[{"count":1,"href":"http:\/\/875jahrekirchgoens.de\/index.php?rest_route=\/wp\/v2\/posts\/14654\/revisions"}],"predecessor-version":[{"id":14657,"href":"http:\/\/875jahrekirchgoens.de\/index.php?rest_route=\/wp\/v2\/posts\/14654\/revisions\/14657"}],"wp:attachment":[{"href":"http:\/\/875jahrekirchgoens.de\/index.php?rest_route=%2Fwp%2Fv2%2Fmedia&parent=14654"}],"wp:term":[{"taxonomy":"category","embeddable":true,"href":"http:\/\/875jahrekirchgoens.de\/index.php?rest_route=%2Fwp%2Fv2%2Fcategories&post=14654"},{"taxonomy":"post_tag","embeddable":true,"href":"http:\/\/875jahrekirchgoens.de\/index.php?rest_route=%2Fwp%2Fv2%2Ftags&post=14654"}],"curies":[{"name":"wp","href":"https:\/\/api.w.org\/{rel}","templated":true}]}}