{"id":14661,"date":"2016-08-25T12:27:00","date_gmt":"2016-08-25T12:27:00","guid":{"rendered":"http:\/\/875jahrekirchgoens.de\/?p=14661"},"modified":"2024-02-03T12:28:52","modified_gmt":"2024-02-03T12:28:52","slug":"goenser-halle-ab-montag-wieder-sport","status":"publish","type":"post","link":"http:\/\/875jahrekirchgoens.de\/?p=14661","title":{"rendered":"G\u00f6nser Halle: Ab Montag wieder Sport"},"content":{"rendered":"\n<p><em>Nutzung Kreis hat Fl\u00fcchtlings-Notunterkunft an der Grundschule zum Sommerferienende ger\u00e4umt<\/em><\/p>\n\n\n\n<p>Die Schulturnhalle in Kirch-\/Pohl-G\u00f6ns steht ab dem kommenden Montag wieder f\u00fcr den Schul- und Vereinssport zur Verf\u00fcgung. Diese Auskunft hat die Stadt Butzbach vom Wetteraukreis erhalten, wie der st\u00e4dtische Pressesprecher Olaf H\u00f6rschelmann gestern auf BZ-Anfrage mitteilte. Am Montagabend trifft er sich mit Vereinsvertretern, um alles Weitere zu kl\u00e4ren. K\u00fcrzlich hatte der Wetteraukreis angek\u00fcndigt, die Halle solle zum Unterrichtsbeginn nach den Sommerferien wieder ge\u00f6ffnet sein. H\u00f6rschelmann nahm die Halle gestern in Augenschein. Alle Sportger\u00e4te wie Kletteranlagen an den W\u00e4nden seien wieder montiert. Einzig die Tore seien noch nicht wieder an Ort und Stelle. Heute soll dort noch eine Grundreinigung erfolgen. Das Mobiliar wie Schr\u00e4nke, Betten und K\u00fchlschr\u00e4nke lie\u00df der Wetteraukreis abtransportieren, denn bei der Fl\u00fcchtlingsunterkunft in der Halle handelte es sich nicht um eine st\u00e4dtische Noteinrichtung, sondern um eine Anlaufstelle des Kreises. Die Stadt sorgte f\u00fcr die sozialarbeiterische Betreuung. H\u00f6rschelmann hob die 50- bis 60-k\u00f6pfige Gruppe \u201eG\u00f6ns hilft\u201c hervor, die ehrenamtliche dabei half, dass sich die Neuank\u00f6mmlinge in der Erstaufnahmestelle und dar\u00fcber hinaus, etwa bei Arzt- oder Beh\u00f6rdenbesuchen, zurechtfanden. \u201eOhne sie w\u00e4re es nicht gegangen\u201c, unterstriche er. Die meisten der Helfer bleiben auf Abruf dabei, ein paar haben sich entschlossen, mit ihren Erfahrungen und erworbenem Wissen den Runden Tisch Fl\u00fcchtlingshilfe Butzbach zu unterst\u00fctzen. Einige der Asylbewerber waren nur bis zu zwei Wochen in der Halle untergebracht und wurden dann auf weitere Unterk\u00fcnfte verteilt. Vom 1. November vergangenen bis Ende April dieses Jahres war die Halle mit Asylsuchenden belegt. Seitdem stand sie leer. Nachdem Ende Juli die Kreisverwaltung aktuelle Zahlen der voraussichtlichen Fl\u00fcchtlingszuweisungen erhalten hatte, wurde beschlossen, die Notunterkunft an dieser Stelle aufzuheben. H\u00f6rschelmann geht davon aus, dass nach Montag relativ bald die Halle auch wieder voll ausgelastet ist. Aber sowohl Schule als auch Verein m\u00fcssten noch Organisatorisches kl\u00e4ren, etwa die Schl\u00fcsselvergabe. Von Schulschluss der G\u00f6nser Grundschule bis gegen 22.30 Uhr wird die Halle von unterschiedlichen Gruppen von acht bis zehn Vereinen aus den G\u00f6ns-Stadteilen und Umgebung genutzt. Die Stadt Butzbach erwartet laut der j\u00fcngsten Ank\u00fcndigung nur eine geringe Anzahl von neu ankommenden Fl\u00fcchtlingen, wenn auch H\u00f6rschelmann die genauen Daten gestern nicht vorlagen. Wie sich die Situation weiter entwickele, k\u00f6nne noch nicht gesagt werden. Derzeit leben etwa 360 Fl\u00fcchtlinge in den verschiedenen Unterk\u00fcnften der Stadt. Weiterhin seien nur wenige Ausz\u00fcge zu verzeichnen, da sich die Wohnungssuche schwierig gestalte.<\/p>\n\n\n\n<p>Quelle: Butzbacher Zeitung vom 25. August 2016<\/p>\n","protected":false},"excerpt":{"rendered":"<p>Nutzung Kreis hat Fl\u00fcchtlings-Notunterkunft an der Grundschule zum Sommerferienende ger\u00e4umt Die Schulturnhalle in Kirch-\/Pohl-G\u00f6ns steht ab dem kommenden Montag wieder f\u00fcr den Schul- und Vereinssport zur Verf\u00fcgung. Diese Auskunft hat die Stadt Butzbach vom Wetteraukreis erhalten, wie der st\u00e4dtische Pressesprecher Olaf H\u00f6rschelmann gestern auf BZ-Anfrage mitteilte. Am Montagabend trifft er sich mit Vereinsvertretern, um alles &#8230; <a title=\"G\u00f6nser Halle: Ab Montag wieder Sport\" class=\"read-more\" href=\"http:\/\/875jahrekirchgoens.de\/?p=14661\" aria-label=\"Mehr Informationen \u00fcber G\u00f6nser Halle: Ab Montag wieder Sport\">Weiterlesen<\/a><\/p>\n","protected":false},"author":1,"featured_media":0,"comment_status":"closed","ping_status":"open","sticky":false,"template":"","format":"standard","meta":{"footnotes":""},"categories":[1],"tags":[],"class_list":["post-14661","post","type-post","status-publish","format-standard","hentry","category-infos"],"_links":{"self":[{"href":"http:\/\/875jahrekirchgoens.de\/index.php?rest_route=\/wp\/v2\/posts\/14661","targetHints":{"allow":["GET"]}}],"collection":[{"href":"http:\/\/875jahrekirchgoens.de\/index.php?rest_route=\/wp\/v2\/posts"}],"about":[{"href":"http:\/\/875jahrekirchgoens.de\/index.php?rest_route=\/wp\/v2\/types\/post"}],"author":[{"embeddable":true,"href":"http:\/\/875jahrekirchgoens.de\/index.php?rest_route=\/wp\/v2\/users\/1"}],"replies":[{"embeddable":true,"href":"http:\/\/875jahrekirchgoens.de\/index.php?rest_route=%2Fwp%2Fv2%2Fcomments&post=14661"}],"version-history":[{"count":1,"href":"http:\/\/875jahrekirchgoens.de\/index.php?rest_route=\/wp\/v2\/posts\/14661\/revisions"}],"predecessor-version":[{"id":14663,"href":"http:\/\/875jahrekirchgoens.de\/index.php?rest_route=\/wp\/v2\/posts\/14661\/revisions\/14663"}],"wp:attachment":[{"href":"http:\/\/875jahrekirchgoens.de\/index.php?rest_route=%2Fwp%2Fv2%2Fmedia&parent=14661"}],"wp:term":[{"taxonomy":"category","embeddable":true,"href":"http:\/\/875jahrekirchgoens.de\/index.php?rest_route=%2Fwp%2Fv2%2Fcategories&post=14661"},{"taxonomy":"post_tag","embeddable":true,"href":"http:\/\/875jahrekirchgoens.de\/index.php?rest_route=%2Fwp%2Fv2%2Ftags&post=14661"}],"curies":[{"name":"wp","href":"https:\/\/api.w.org\/{rel}","templated":true}]}}