{"id":14664,"date":"2016-09-16T12:28:00","date_gmt":"2016-09-16T12:28:00","guid":{"rendered":"http:\/\/875jahrekirchgoens.de\/?p=14664"},"modified":"2024-02-03T12:33:43","modified_gmt":"2024-02-03T12:33:43","slug":"ab-sofort-kindertanzen-beim-tv-kirch-goens-und-tv-pohl-goens","status":"publish","type":"post","link":"http:\/\/875jahrekirchgoens.de\/?p=14664","title":{"rendered":"Ab sofort Kindertanzen beim TV Kirch-G\u00f6ns und TV Pohl-G\u00f6ns"},"content":{"rendered":"\n<p>Die beiden Sportvereine begr\u00fc\u00dfen die neuen \u00dcbungsleiterinnen Bianca Kasper und Bianca Drullmann. Die beiden bieten zusammen Kindertanzen ist f\u00fcr Interessierte Kinder von 6-9 Jahren an. Das Tanzen findet im oberen Raum der Mehrzweckhalle zwischen Pohl-, und Kirch-G\u00f6ns, mittwochs um 15.30 \u2013 16.30 Uhr statt. Telefonische Anmeldungen bei Bianca Drullmann Tel: 0173\/6727834. Es sind noch Pl\u00e4tze frei.<\/p>\n\n\n\n<p>Quelle und Bild: TV Kirch-G\u00f6ns vom 16. September 2016<\/p>\n\n\n\n<figure class=\"wp-block-image size-full\"><img loading=\"lazy\" decoding=\"async\" width=\"268\" height=\"161\" src=\"http:\/\/875jahrekirchgoens.de\/wp-content\/uploads\/2024\/02\/Kindertanzen-Bild1.jpg\" alt=\"\" class=\"wp-image-14666\"\/><\/figure>\n","protected":false},"excerpt":{"rendered":"<p>Die beiden Sportvereine begr\u00fc\u00dfen die neuen \u00dcbungsleiterinnen Bianca Kasper und Bianca Drullmann. Die beiden bieten zusammen Kindertanzen ist f\u00fcr Interessierte Kinder von 6-9 Jahren an. Das Tanzen findet im oberen Raum der Mehrzweckhalle zwischen Pohl-, und Kirch-G\u00f6ns, mittwochs um 15.30 \u2013 16.30 Uhr statt. Telefonische Anmeldungen bei Bianca Drullmann Tel: 0173\/6727834. Es sind noch Pl\u00e4tze &#8230; <a title=\"Ab sofort Kindertanzen beim TV Kirch-G\u00f6ns und TV Pohl-G\u00f6ns\" class=\"read-more\" href=\"http:\/\/875jahrekirchgoens.de\/?p=14664\" aria-label=\"Mehr Informationen \u00fcber Ab sofort Kindertanzen beim TV Kirch-G\u00f6ns und TV Pohl-G\u00f6ns\">Weiterlesen<\/a><\/p>\n","protected":false},"author":1,"featured_media":0,"comment_status":"closed","ping_status":"open","sticky":false,"template":"","format":"standard","meta":{"footnotes":""},"categories":[1],"tags":[],"class_list":["post-14664","post","type-post","status-publish","format-standard","hentry","category-infos"],"_links":{"self":[{"href":"http:\/\/875jahrekirchgoens.de\/index.php?rest_route=\/wp\/v2\/posts\/14664","targetHints":{"allow":["GET"]}}],"collection":[{"href":"http:\/\/875jahrekirchgoens.de\/index.php?rest_route=\/wp\/v2\/posts"}],"about":[{"href":"http:\/\/875jahrekirchgoens.de\/index.php?rest_route=\/wp\/v2\/types\/post"}],"author":[{"embeddable":true,"href":"http:\/\/875jahrekirchgoens.de\/index.php?rest_route=\/wp\/v2\/users\/1"}],"replies":[{"embeddable":true,"href":"http:\/\/875jahrekirchgoens.de\/index.php?rest_route=%2Fwp%2Fv2%2Fcomments&post=14664"}],"version-history":[{"count":1,"href":"http:\/\/875jahrekirchgoens.de\/index.php?rest_route=\/wp\/v2\/posts\/14664\/revisions"}],"predecessor-version":[{"id":14667,"href":"http:\/\/875jahrekirchgoens.de\/index.php?rest_route=\/wp\/v2\/posts\/14664\/revisions\/14667"}],"wp:attachment":[{"href":"http:\/\/875jahrekirchgoens.de\/index.php?rest_route=%2Fwp%2Fv2%2Fmedia&parent=14664"}],"wp:term":[{"taxonomy":"category","embeddable":true,"href":"http:\/\/875jahrekirchgoens.de\/index.php?rest_route=%2Fwp%2Fv2%2Fcategories&post=14664"},{"taxonomy":"post_tag","embeddable":true,"href":"http:\/\/875jahrekirchgoens.de\/index.php?rest_route=%2Fwp%2Fv2%2Ftags&post=14664"}],"curies":[{"name":"wp","href":"https:\/\/api.w.org\/{rel}","templated":true}]}}