{"id":14669,"date":"2016-09-16T12:35:00","date_gmt":"2016-09-16T12:35:00","guid":{"rendered":"http:\/\/875jahrekirchgoens.de\/?p=14669"},"modified":"2024-02-03T12:36:24","modified_gmt":"2024-02-03T12:36:24","slug":"gruendungsfeierstunde-in-kirch-goens-stadt-schenkte-dem-tv-ein-apfelbaeumchen","status":"publish","type":"post","link":"http:\/\/875jahrekirchgoens.de\/?p=14669","title":{"rendered":"Gr\u00fcndungsfeierstunde in Kirch-G\u00f6ns \u2013 Stadt schenkte dem TV ein Apfelb\u00e4umchen"},"content":{"rendered":"\n<p>Zu einer kleinen Gr\u00fcndungsfeierstunde am 5. September hatte der Turnverein Vorw\u00e4rts 1891 Kirch-G\u00f6ns ins heimische Sportlerheim geladen. Neben dem TV-Vorstand nahmen daran B\u00fcrgermeister Michael Merle, Ortsbeiratsvorsitzender Stefan Euler, IG-Vorsitzender Michael Tiede-mann, Wilfried Cott (TV-Fest-K\u00fcchenchef), Michael Wellner (TV-Zugmarschall), Robert Werner und Toni M\u00f6ller vom Butzbacher Vereinsring sowie J\u00fcrgen Ratz (1. Vorsitzender TV Pohl-G\u00f6ns), Werner J\u00e4ger (Vorsitzender HSG Kirch-\/Pohl-G\u00f6ns\/-Butzbach) und Rudi Weber (ehemaliger TV-Vorsitzender) teil. Es wurde der Gr\u00fcnder gedacht sowie aller verstorbenen Vereinsmitglieder. In einer kurzen Ansprach ging 1. Vorsitzender Thorsten Metz auf die Gr\u00fcndung des Vereins am 5. September 1891 ein. Im Sommer dieses Jahres besuchten einige junge Kirch-G\u00f6nser M\u00e4nner das Turnfest in Butzbach. Noch auf dem Heimweg beschlossen sie einen Turnverein zu gr\u00fcnden, was dann auch geschah. Die Gr\u00fcnder gaben dem Verein den Namen Vorw\u00e4rts, der zum Symbol geworden ist. Vorw\u00e4rts sollte es gehen im ehrlichen Wettkampf um den Preis k\u00f6rperlicher Ert\u00fcchtigung und Pflege des vaterl\u00e4ndischen Sinnes und Gesanges. Das waren die Ziele des Vereins und sind es, jedoch auf eine andere Art und Weise, auch heute noch. Metz dankte allen Helfe-rinnen und Helfern sowie Sponsoren der verschiedenen durchgef\u00fchrten Veranstaltungen aus Anlass des 125j\u00e4hrigen Gr\u00fcndungsjubil\u00e4ums. Zur Erinnerung an die Vereinsgr\u00fcndung pflanzten Metz und Merle ein Apfelb\u00e4umchen der Sorte Roter Boskop, das von der Stadt dem Verein geschenkt wurde. Der Turnverein wird sich um die Pflege des B\u00e4umchens k\u00fcmmern. B\u00fcrgermeister Michael Merle zeigte sich in seiner Ansprache beeindruckt von den gro\u00dfartigen Leistungen im Verein, die seit 2012 zur Vorbereitung und Durchf\u00fchrung der Jubil\u00e4umsveranstaltungen erforderlich waren. Merle bedankte sich daf\u00fcr, dass er Schirmherr des Jubil\u00e4umsjahres sein durfte, das sei eine Ehre f\u00fcr ihn gewesen. Merle \u00fcberreichte eine Geldspende und w\u00fcnschte dem Turnverein Kirch-G\u00f6ns Gl\u00fcck auf. Robert Werner, 1. Vorsitzender des Butzbacher Vereinsrings, \u00fcberbrachte dessen Gl\u00fcckw\u00fcnsche zum Geburtstag. Vorstand und Vereinsmitglieder des Kirch-G\u00f6nser Turnvereins zeigten ein gro\u00dfartiges Engagement im Dorf. Auch er w\u00fcnschte dem Jubil\u00e4umsverein viel Gl\u00fcck f\u00fcr die Zukunft.<\/p>\n\n\n\n<p>Quelle und Bild: TV Kirch-G\u00f6ns vom 16. September 2016<\/p>\n\n\n\n<figure class=\"wp-block-image size-full\"><img loading=\"lazy\" decoding=\"async\" width=\"674\" height=\"451\" src=\"http:\/\/875jahrekirchgoens.de\/wp-content\/uploads\/2024\/02\/Gruendung-Bild1.jpg\" alt=\"\" class=\"wp-image-14670\" srcset=\"http:\/\/875jahrekirchgoens.de\/wp-content\/uploads\/2024\/02\/Gruendung-Bild1.jpg 674w, http:\/\/875jahrekirchgoens.de\/wp-content\/uploads\/2024\/02\/Gruendung-Bild1-300x201.jpg 300w\" sizes=\"auto, (max-width: 674px) 100vw, 674px\" \/><figcaption class=\"wp-element-caption\">B\u00fcrgermeister Michael Merle und 1. Vorsitzender Thorsten Metz beim Pflanzen des Jubil\u00e4umsb\u00e4umchens auf dem Kirch-G\u00f6nser Sportplatz.<\/figcaption><\/figure>\n","protected":false},"excerpt":{"rendered":"<p>Zu einer kleinen Gr\u00fcndungsfeierstunde am 5. September hatte der Turnverein Vorw\u00e4rts 1891 Kirch-G\u00f6ns ins heimische Sportlerheim geladen. Neben dem TV-Vorstand nahmen daran B\u00fcrgermeister Michael Merle, Ortsbeiratsvorsitzender Stefan Euler, IG-Vorsitzender Michael Tiede-mann, Wilfried Cott (TV-Fest-K\u00fcchenchef), Michael Wellner (TV-Zugmarschall), Robert Werner und Toni M\u00f6ller vom Butzbacher Vereinsring sowie J\u00fcrgen Ratz (1. Vorsitzender TV Pohl-G\u00f6ns), Werner J\u00e4ger (Vorsitzender &#8230; <a title=\"Gr\u00fcndungsfeierstunde in Kirch-G\u00f6ns \u2013 Stadt schenkte dem TV ein Apfelb\u00e4umchen\" class=\"read-more\" href=\"http:\/\/875jahrekirchgoens.de\/?p=14669\" aria-label=\"Mehr Informationen \u00fcber Gr\u00fcndungsfeierstunde in Kirch-G\u00f6ns \u2013 Stadt schenkte dem TV ein Apfelb\u00e4umchen\">Weiterlesen<\/a><\/p>\n","protected":false},"author":1,"featured_media":0,"comment_status":"closed","ping_status":"open","sticky":false,"template":"","format":"standard","meta":{"footnotes":""},"categories":[1],"tags":[],"class_list":["post-14669","post","type-post","status-publish","format-standard","hentry","category-infos"],"_links":{"self":[{"href":"http:\/\/875jahrekirchgoens.de\/index.php?rest_route=\/wp\/v2\/posts\/14669","targetHints":{"allow":["GET"]}}],"collection":[{"href":"http:\/\/875jahrekirchgoens.de\/index.php?rest_route=\/wp\/v2\/posts"}],"about":[{"href":"http:\/\/875jahrekirchgoens.de\/index.php?rest_route=\/wp\/v2\/types\/post"}],"author":[{"embeddable":true,"href":"http:\/\/875jahrekirchgoens.de\/index.php?rest_route=\/wp\/v2\/users\/1"}],"replies":[{"embeddable":true,"href":"http:\/\/875jahrekirchgoens.de\/index.php?rest_route=%2Fwp%2Fv2%2Fcomments&post=14669"}],"version-history":[{"count":1,"href":"http:\/\/875jahrekirchgoens.de\/index.php?rest_route=\/wp\/v2\/posts\/14669\/revisions"}],"predecessor-version":[{"id":14671,"href":"http:\/\/875jahrekirchgoens.de\/index.php?rest_route=\/wp\/v2\/posts\/14669\/revisions\/14671"}],"wp:attachment":[{"href":"http:\/\/875jahrekirchgoens.de\/index.php?rest_route=%2Fwp%2Fv2%2Fmedia&parent=14669"}],"wp:term":[{"taxonomy":"category","embeddable":true,"href":"http:\/\/875jahrekirchgoens.de\/index.php?rest_route=%2Fwp%2Fv2%2Fcategories&post=14669"},{"taxonomy":"post_tag","embeddable":true,"href":"http:\/\/875jahrekirchgoens.de\/index.php?rest_route=%2Fwp%2Fv2%2Ftags&post=14669"}],"curies":[{"name":"wp","href":"https:\/\/api.w.org\/{rel}","templated":true}]}}