{"id":14719,"date":"2017-05-04T13:12:00","date_gmt":"2017-05-04T13:12:00","guid":{"rendered":"http:\/\/875jahrekirchgoens.de\/?p=14719"},"modified":"2024-02-03T13:13:29","modified_gmt":"2024-02-03T13:13:29","slug":"weitere-qualifikation-fuer-uebungsleiterin-petra-scioni","status":"publish","type":"post","link":"http:\/\/875jahrekirchgoens.de\/?p=14719","title":{"rendered":"Weitere Qualifikation f\u00fcr \u00dcbungsleiterin Petra Scioni"},"content":{"rendered":"\n<p>Zur erfolgreich bestandenen B-Lizenz und der Fortbildung im Bereich Pr\u00e4vention und psychomotorische F\u00f6rderung f\u00fcr Kinder von 3-10 Jahren, welche \u00fcber 60 Lerneinheiten in Wetzlar erfolgte, gratulierten die Vorst\u00e4nde des TV Kirch-G\u00f6ns und des TV Pohl-G\u00f6ns, in Vertretung von Stephanie Sohn (links) und Katharina Maa\u00df (rechts), ihrer \u00dcbungsleiterin Petra Scioni (2. von rechts) in der Turnstunde im Beisein einiger Turnkinder ganz herzlich. Die Turnstunde, die von Petra Scioni geleitet wird, findet f\u00fcr 4-6j\u00e4hrige Kinder immer freitags von 17-18h in der GGS-Halle in Pohl-G\u00f6ns statt.<\/p>\n\n\n\n<p>Quelle und Bild: TV Kirch-G\u00f6ns vom 4. Mai 2017<\/p>\n\n\n\n<figure class=\"wp-block-image size-full\"><img loading=\"lazy\" decoding=\"async\" width=\"854\" height=\"640\" src=\"http:\/\/875jahrekirchgoens.de\/wp-content\/uploads\/2024\/02\/04.05.2017-Bild1.jpg\" alt=\"\" class=\"wp-image-14710\" srcset=\"http:\/\/875jahrekirchgoens.de\/wp-content\/uploads\/2024\/02\/04.05.2017-Bild1.jpg 854w, http:\/\/875jahrekirchgoens.de\/wp-content\/uploads\/2024\/02\/04.05.2017-Bild1-300x225.jpg 300w, http:\/\/875jahrekirchgoens.de\/wp-content\/uploads\/2024\/02\/04.05.2017-Bild1-768x576.jpg 768w\" sizes=\"auto, (max-width: 854px) 100vw, 854px\" \/><\/figure>\n","protected":false},"excerpt":{"rendered":"<p>Zur erfolgreich bestandenen B-Lizenz und der Fortbildung im Bereich Pr\u00e4vention und psychomotorische F\u00f6rderung f\u00fcr Kinder von 3-10 Jahren, welche \u00fcber 60 Lerneinheiten in Wetzlar erfolgte, gratulierten die Vorst\u00e4nde des TV Kirch-G\u00f6ns und des TV Pohl-G\u00f6ns, in Vertretung von Stephanie Sohn (links) und Katharina Maa\u00df (rechts), ihrer \u00dcbungsleiterin Petra Scioni (2. von rechts) in der Turnstunde &#8230; <a title=\"Weitere Qualifikation f\u00fcr \u00dcbungsleiterin Petra Scioni\" class=\"read-more\" href=\"http:\/\/875jahrekirchgoens.de\/?p=14719\" aria-label=\"Mehr Informationen \u00fcber Weitere Qualifikation f\u00fcr \u00dcbungsleiterin Petra Scioni\">Weiterlesen<\/a><\/p>\n","protected":false},"author":1,"featured_media":0,"comment_status":"closed","ping_status":"open","sticky":false,"template":"","format":"standard","meta":{"footnotes":""},"categories":[1],"tags":[],"class_list":["post-14719","post","type-post","status-publish","format-standard","hentry","category-infos"],"_links":{"self":[{"href":"http:\/\/875jahrekirchgoens.de\/index.php?rest_route=\/wp\/v2\/posts\/14719","targetHints":{"allow":["GET"]}}],"collection":[{"href":"http:\/\/875jahrekirchgoens.de\/index.php?rest_route=\/wp\/v2\/posts"}],"about":[{"href":"http:\/\/875jahrekirchgoens.de\/index.php?rest_route=\/wp\/v2\/types\/post"}],"author":[{"embeddable":true,"href":"http:\/\/875jahrekirchgoens.de\/index.php?rest_route=\/wp\/v2\/users\/1"}],"replies":[{"embeddable":true,"href":"http:\/\/875jahrekirchgoens.de\/index.php?rest_route=%2Fwp%2Fv2%2Fcomments&post=14719"}],"version-history":[{"count":1,"href":"http:\/\/875jahrekirchgoens.de\/index.php?rest_route=\/wp\/v2\/posts\/14719\/revisions"}],"predecessor-version":[{"id":14720,"href":"http:\/\/875jahrekirchgoens.de\/index.php?rest_route=\/wp\/v2\/posts\/14719\/revisions\/14720"}],"wp:attachment":[{"href":"http:\/\/875jahrekirchgoens.de\/index.php?rest_route=%2Fwp%2Fv2%2Fmedia&parent=14719"}],"wp:term":[{"taxonomy":"category","embeddable":true,"href":"http:\/\/875jahrekirchgoens.de\/index.php?rest_route=%2Fwp%2Fv2%2Fcategories&post=14719"},{"taxonomy":"post_tag","embeddable":true,"href":"http:\/\/875jahrekirchgoens.de\/index.php?rest_route=%2Fwp%2Fv2%2Ftags&post=14719"}],"curies":[{"name":"wp","href":"https:\/\/api.w.org\/{rel}","templated":true}]}}