{"id":14723,"date":"2017-05-07T13:15:00","date_gmt":"2017-05-07T13:15:00","guid":{"rendered":"http:\/\/875jahrekirchgoens.de\/?p=14723"},"modified":"2024-02-03T13:16:33","modified_gmt":"2024-02-03T13:16:33","slug":"jahreshauptversammlung-des-tv-kirch-goens","status":"publish","type":"post","link":"http:\/\/875jahrekirchgoens.de\/?p=14723","title":{"rendered":"Jahreshauptversammlung des TV Kirch-G\u00f6ns"},"content":{"rendered":"\n<p>Das Jahr 2016 stand f\u00fcr den Turnverein Vorw\u00e4rts 1891 Kirch-G\u00f6ns e. V. ganz im Zeichen seines 125-j\u00e4hrigen Gr\u00fcndungsjubil\u00e4um. Auf der Jahresmitgliederversammlung ging jetzt 1. Vorsitzender Thorsten Metz ausf\u00fchrlich auf die verschiedenen Veranstaltungen ein. Erstmals wurde im Januar im Sch\u00fctzenhaus mit gro\u00dfem Erfolg ein Kappenabend, gemeinsam mit dem Sch\u00fctzenverein, veranstaltet. Auf der akademischen Feier am 19. M\u00e4rz, an der viele G\u00e4ste aus Politik, Wirtschaft sowie Vereins- und Privatleben teilnahmen, wurde die Vereinschronik pr\u00e4sentiert. Die Jahresmitgliederversammlung am 29. April wurde erstmals per Video aufgenommen. Die 1. Mai-Feier auf dem Sportplatz war wieder sehr gut besucht. Vom 3. bis 5. Juni fand das Jubil\u00e4umsfest auf dem Sportplatz statt. Jahrelange Vorbereitung, gro\u00dfes Engagement der Mitglieder, sehr guter Besuch aller Veranstaltungen und grandiose Stimmung bescherten ein erfolgreiches Fest. Ein besonderer Dank von Metz ging hier an die zahlreichen Sponsoren \u201eOhne Sponsoren kann ein Verein wieder Turnverein Kirch-G\u00f6ns mit seinen derzeit 490 Mitgliedern ein derartiges Fest ohne gro\u00dfen Verlust nicht mehr durchf\u00fchren\u201c. Am 5. September, dem Gr\u00fcndungstag des Turnvereins, wurde auf dem Kirch-G\u00f6nser Sportplatz zur Erinnerung an das Jubil\u00e4um ein von B\u00fcrgermeister Michael Merle gespendetes B\u00e4umchen gesetzt. Metz bedankte sich bei allen Vorstandsmitgliedern, Helfern bei den Veranstaltungen sowie allen ehrenamtlichen T\u00e4tigen im Verein wie Schiedsrichter, Zeitnehmer, \u00dcbungsleiter usw. f\u00fcr die geleistete Arbeit. Ein besonderer Dank ging an die Sponsoren des Jubil\u00e4umsfestes und der Vereinschronik. Ausf\u00fchrlich ging Werner J\u00e4ger, der 1. Vorsitzender der HSG Kirch-\/Pohl-G\u00f6ns\/Butzbach auf die sportliche Situation der verschiedenen Handballmannschaften ein. So ist die 1. M\u00e4nnermannschaft nach der Saison 2016\/16 in der Bezirksliga B abgestiegen, ein weiterer Abstieg sei jetzt verhindert worden. Die 1. Frauenmannschaft habe lange gegen den Abstieg gek\u00e4mpft, der vermieden werden konnte. Als Grund f\u00fcr das Abschneiden dieser beiden Teams sowie anderer sah J\u00e4ger in mangelnder Leistungsbereitschaft und Trainingsbeteiligung. Im Jugendbereich sieht er die HSG nach wie vor sehr gut in der Breite aufgestellt, allerdings fehlten Teams, die sich f\u00fcr h\u00f6here Spielklassen qualifizieren k\u00f6nnen. Eine Ausnahmestellung nehme hier die weibliche C1 ein. Dank eines neu ausgearbeiteten Konzeptes und fast 50 Trainern und Betreuern habe sich das Niveau der Jugendarbeit erfreulich erh\u00f6ht. Dringend gesucht werden laut J\u00e4ger Sportkameraden, die als Schiedsrichter fungieren. Hier sei man aufgrund mangelnder Bereitschaft auf einem Tiefstand angelangt. Mit einem Dank f\u00fcr den Zuschuss des TV Kirch-G\u00f6ns zum Spielbetrieb schloss J\u00e4ger seinen Bericht ab. Die Berichte der Abteilungsleiter Tischtennis Kurt Hartig und Turnabteilung Tina Klein wurden verlesen. Abteilungsleiter Freizeitsport Frank Hankel gab einen kurzen \u00dcberblick \u00fcber die Aktivit\u00e4ten der Quartermain-Fu\u00dfballer. Der verlesene Bericht von TV-Kassenwartin Kristina Euler zeigt die soliden finanziellen Verh\u00e4ltnisse des Vereins auf. Der Vorstand wurde anschlie\u00dfend einstimmig entlastet. Mit der Ehrung langj\u00e4hriger Mitglieder und einem gem\u00fctlichen Beisammensein im Sportlerheim wurde die Jahresmitgliederversammlung beschlossen. Seit 25 Jahren Vereinsmitglied sind Diana Diehl, Helge Rau und Ulrich Wolf, die hierf\u00fcr mit einer Ehrenurkunde und der Bronzenen Vereinsehrennadel ausgezeichnet wurden. F\u00fcr 40-j\u00e4hrige Vereinszugeh\u00f6rigkeit erhielten Rainer D\u00e4mon und Thomas Grie\u00dfl eine Ehrenurkunde und die Silberne Ehrennadel des Vereins. Auf 50 Jahre Vereinsmitgliedschaft k\u00f6nnen Peter Lex, Hans-J\u00fcrgen Diehl, Werner D\u00e4mon und Karl-Heinz Euler zur\u00fcckblicken. Sie erhielten eine Ehrenurkunde und die Goldene Vereinsnadel. Bereits seit 70 Jahren im Turnverein Kirch-G\u00f6ns sind Ewald Binzer, Kurt Eckhard und Willi Fuchs, die hierf\u00fcr mit einer Ehrenurkunde bedacht wurden. Thorsten Metz ist seit 25 Jahren Vorstandsmitglied und leitet den Verein seit 15 Jahren als 1. Vorsitzender. Der 2. Vorsitzende Torsten Klein \u00fcberreichte ihm als Dank des Vereins ein Pr\u00e4sent.<\/p>\n\n\n\n<figure class=\"wp-block-gallery has-nested-images columns-default is-cropped wp-block-gallery-1 is-layout-flex wp-block-gallery-is-layout-flex\">\n<figure class=\"wp-block-image size-large\"><img loading=\"lazy\" decoding=\"async\" width=\"729\" height=\"485\" data-id=\"14698\" src=\"http:\/\/875jahrekirchgoens.de\/wp-content\/uploads\/2024\/02\/JHV-Bild1.jpg\" alt=\"\" class=\"wp-image-14698\" srcset=\"http:\/\/875jahrekirchgoens.de\/wp-content\/uploads\/2024\/02\/JHV-Bild1.jpg 729w, http:\/\/875jahrekirchgoens.de\/wp-content\/uploads\/2024\/02\/JHV-Bild1-300x200.jpg 300w\" sizes=\"auto, (max-width: 729px) 100vw, 729px\" \/><figcaption class=\"wp-element-caption\">Ehrungen beim TV Kirch-G\u00f6ns mit (v. l.) Diana Diehl, Thorsten Metz, Peter Lex, Ewald Binzer, Thomas Grie\u00dfl, Rainer D\u00e4mon, Steffi Sohn und Torsten Klein.<\/figcaption><\/figure>\n\n\n\n<figure class=\"wp-block-image size-large\"><img loading=\"lazy\" decoding=\"async\" width=\"733\" height=\"488\" data-id=\"14699\" src=\"http:\/\/875jahrekirchgoens.de\/wp-content\/uploads\/2024\/02\/JHV-Bild2.jpg\" alt=\"\" class=\"wp-image-14699\" srcset=\"http:\/\/875jahrekirchgoens.de\/wp-content\/uploads\/2024\/02\/JHV-Bild2.jpg 733w, http:\/\/875jahrekirchgoens.de\/wp-content\/uploads\/2024\/02\/JHV-Bild2-300x200.jpg 300w\" sizes=\"auto, (max-width: 733px) 100vw, 733px\" \/><figcaption class=\"wp-element-caption\">Ehrung f\u00fcr 25j\u00e4hrige Vorstandst\u00e4tigkeit. 1. Vorsitzender Thorsten Metz (l.) erhielt vom 2. Vorsitzenden Torsten Klein (r.) einen Pr\u00e4sentkorb.<\/figcaption><\/figure>\n<\/figure>\n","protected":false},"excerpt":{"rendered":"<p>Das Jahr 2016 stand f\u00fcr den Turnverein Vorw\u00e4rts 1891 Kirch-G\u00f6ns e. V. ganz im Zeichen seines 125-j\u00e4hrigen Gr\u00fcndungsjubil\u00e4um. Auf der Jahresmitgliederversammlung ging jetzt 1. Vorsitzender Thorsten Metz ausf\u00fchrlich auf die verschiedenen Veranstaltungen ein. Erstmals wurde im Januar im Sch\u00fctzenhaus mit gro\u00dfem Erfolg ein Kappenabend, gemeinsam mit dem Sch\u00fctzenverein, veranstaltet. Auf der akademischen Feier am 19. &#8230; <a title=\"Jahreshauptversammlung des TV Kirch-G\u00f6ns\" class=\"read-more\" href=\"http:\/\/875jahrekirchgoens.de\/?p=14723\" aria-label=\"Mehr Informationen \u00fcber Jahreshauptversammlung des TV Kirch-G\u00f6ns\">Weiterlesen<\/a><\/p>\n","protected":false},"author":1,"featured_media":0,"comment_status":"closed","ping_status":"open","sticky":false,"template":"","format":"standard","meta":{"footnotes":""},"categories":[1],"tags":[],"class_list":["post-14723","post","type-post","status-publish","format-standard","hentry","category-infos"],"_links":{"self":[{"href":"http:\/\/875jahrekirchgoens.de\/index.php?rest_route=\/wp\/v2\/posts\/14723","targetHints":{"allow":["GET"]}}],"collection":[{"href":"http:\/\/875jahrekirchgoens.de\/index.php?rest_route=\/wp\/v2\/posts"}],"about":[{"href":"http:\/\/875jahrekirchgoens.de\/index.php?rest_route=\/wp\/v2\/types\/post"}],"author":[{"embeddable":true,"href":"http:\/\/875jahrekirchgoens.de\/index.php?rest_route=\/wp\/v2\/users\/1"}],"replies":[{"embeddable":true,"href":"http:\/\/875jahrekirchgoens.de\/index.php?rest_route=%2Fwp%2Fv2%2Fcomments&post=14723"}],"version-history":[{"count":1,"href":"http:\/\/875jahrekirchgoens.de\/index.php?rest_route=\/wp\/v2\/posts\/14723\/revisions"}],"predecessor-version":[{"id":14724,"href":"http:\/\/875jahrekirchgoens.de\/index.php?rest_route=\/wp\/v2\/posts\/14723\/revisions\/14724"}],"wp:attachment":[{"href":"http:\/\/875jahrekirchgoens.de\/index.php?rest_route=%2Fwp%2Fv2%2Fmedia&parent=14723"}],"wp:term":[{"taxonomy":"category","embeddable":true,"href":"http:\/\/875jahrekirchgoens.de\/index.php?rest_route=%2Fwp%2Fv2%2Fcategories&post=14723"},{"taxonomy":"post_tag","embeddable":true,"href":"http:\/\/875jahrekirchgoens.de\/index.php?rest_route=%2Fwp%2Fv2%2Ftags&post=14723"}],"curies":[{"name":"wp","href":"https:\/\/api.w.org\/{rel}","templated":true}]}}