{"id":14727,"date":"2017-07-06T13:17:00","date_gmt":"2017-07-06T13:17:00","guid":{"rendered":"http:\/\/875jahrekirchgoens.de\/?p=14727"},"modified":"2024-02-03T13:18:26","modified_gmt":"2024-02-03T13:18:26","slug":"tv-kirch-goens-fuhr-ins-sauerland","status":"publish","type":"post","link":"http:\/\/875jahrekirchgoens.de\/?p=14727","title":{"rendered":"TV Kirch-G\u00f6ns fuhr ins Sauerland"},"content":{"rendered":"\n<p>Der diesj\u00e4hrige Vereinsausflug des Turnverein Vorw\u00e4rts 1891 Kirch-G\u00f6ns f\u00fchrte eine 34-k\u00f6pfige Ausflugsgruppe, bestehend aus Mitgliedern, Freunden und G\u00f6nnern des Vereins per Bus zum M\u00f6hnesee im Sauerland. Dort folgte nach dem obligatorischen Fr\u00fchst\u00fcck und Besichtigung der Staumauer eine zweist\u00fcndige Schifffahrt, inklusive Mittagessen und einer separaten Erkundungstour einiger Teilnehmer in einem Beiboot. Im Anschluss folgte die Weiterfahrt nach Warstein zur dortigen Brauerei. Nach Erkundung der \u201eWarsteiner Welt\u201c und Verk\u00f6stigung verschiedener Biere in der Willkommenshalle des Besucherzentrums wurde die R\u00fcckreise der feuchtfr\u00f6hlichen geselligen Gesellschaft angetreten.<\/p>\n\n\n\n<p>Quelle und Bild: TV Kirch-G\u00f6ns vom 6. Juli 2017<\/p>\n\n\n\n<figure class=\"wp-block-image size-full\"><img loading=\"lazy\" decoding=\"async\" width=\"355\" height=\"177\" src=\"http:\/\/875jahrekirchgoens.de\/wp-content\/uploads\/2024\/02\/Sauer-Bild1.jpg\" alt=\"\" class=\"wp-image-14696\" srcset=\"http:\/\/875jahrekirchgoens.de\/wp-content\/uploads\/2024\/02\/Sauer-Bild1.jpg 355w, http:\/\/875jahrekirchgoens.de\/wp-content\/uploads\/2024\/02\/Sauer-Bild1-300x150.jpg 300w\" sizes=\"auto, (max-width: 355px) 100vw, 355px\" \/><\/figure>\n","protected":false},"excerpt":{"rendered":"<p>Der diesj\u00e4hrige Vereinsausflug des Turnverein Vorw\u00e4rts 1891 Kirch-G\u00f6ns f\u00fchrte eine 34-k\u00f6pfige Ausflugsgruppe, bestehend aus Mitgliedern, Freunden und G\u00f6nnern des Vereins per Bus zum M\u00f6hnesee im Sauerland. Dort folgte nach dem obligatorischen Fr\u00fchst\u00fcck und Besichtigung der Staumauer eine zweist\u00fcndige Schifffahrt, inklusive Mittagessen und einer separaten Erkundungstour einiger Teilnehmer in einem Beiboot. Im Anschluss folgte die Weiterfahrt &#8230; <a title=\"TV Kirch-G\u00f6ns fuhr ins Sauerland\" class=\"read-more\" href=\"http:\/\/875jahrekirchgoens.de\/?p=14727\" aria-label=\"Mehr Informationen \u00fcber TV Kirch-G\u00f6ns fuhr ins Sauerland\">Weiterlesen<\/a><\/p>\n","protected":false},"author":1,"featured_media":0,"comment_status":"closed","ping_status":"open","sticky":false,"template":"","format":"standard","meta":{"footnotes":""},"categories":[1],"tags":[],"class_list":["post-14727","post","type-post","status-publish","format-standard","hentry","category-infos"],"_links":{"self":[{"href":"http:\/\/875jahrekirchgoens.de\/index.php?rest_route=\/wp\/v2\/posts\/14727","targetHints":{"allow":["GET"]}}],"collection":[{"href":"http:\/\/875jahrekirchgoens.de\/index.php?rest_route=\/wp\/v2\/posts"}],"about":[{"href":"http:\/\/875jahrekirchgoens.de\/index.php?rest_route=\/wp\/v2\/types\/post"}],"author":[{"embeddable":true,"href":"http:\/\/875jahrekirchgoens.de\/index.php?rest_route=\/wp\/v2\/users\/1"}],"replies":[{"embeddable":true,"href":"http:\/\/875jahrekirchgoens.de\/index.php?rest_route=%2Fwp%2Fv2%2Fcomments&post=14727"}],"version-history":[{"count":1,"href":"http:\/\/875jahrekirchgoens.de\/index.php?rest_route=\/wp\/v2\/posts\/14727\/revisions"}],"predecessor-version":[{"id":14728,"href":"http:\/\/875jahrekirchgoens.de\/index.php?rest_route=\/wp\/v2\/posts\/14727\/revisions\/14728"}],"wp:attachment":[{"href":"http:\/\/875jahrekirchgoens.de\/index.php?rest_route=%2Fwp%2Fv2%2Fmedia&parent=14727"}],"wp:term":[{"taxonomy":"category","embeddable":true,"href":"http:\/\/875jahrekirchgoens.de\/index.php?rest_route=%2Fwp%2Fv2%2Fcategories&post=14727"},{"taxonomy":"post_tag","embeddable":true,"href":"http:\/\/875jahrekirchgoens.de\/index.php?rest_route=%2Fwp%2Fv2%2Ftags&post=14727"}],"curies":[{"name":"wp","href":"https:\/\/api.w.org\/{rel}","templated":true}]}}