{"id":14729,"date":"2017-09-13T13:18:00","date_gmt":"2017-09-13T13:18:00","guid":{"rendered":"http:\/\/875jahrekirchgoens.de\/?p=14729"},"modified":"2024-02-03T13:25:10","modified_gmt":"2024-02-03T13:25:10","slug":"jubilaeumsfahrt-dreissig-jahre-quartermain-club-kirch-goens","status":"publish","type":"post","link":"http:\/\/875jahrekirchgoens.de\/?p=14729","title":{"rendered":"Jubil\u00e4umsfahrt \u2013 Drei\u00dfig Jahre Quartermain-Club Kirch-G\u00f6ns"},"content":{"rendered":"\n<p>Anl\u00e4sslich des Drei\u00dfigj\u00e4hrigen Jubil\u00e4umstag \u2013 gegr\u00fcndet am 22. August 1987 \u2013 unternahm die 28k\u00f6pfige Reisegruppe der Freizeitfussballer im TV Kirch-G\u00f6ns am vergangenen Wochenende einen zweit\u00e4gigen Ausflug nach Hirschaid in der N\u00e4he von Bamberg. Nach der vierst\u00fcndigen Busfahrt, inklusive Fr\u00fchst\u00fcck, bezog man in einem gr\u00f6\u00dferen Gasthaus die Zimmer. Beim anschlie\u00dfenden Mittagessen folgte die \u00dcbergabe des Jubil\u00e4umspokales an den ersten Vorsitzenden, Frank Hankel. Man mischte sich dann unter das hiesige Kirchweihfest und traf sich zur sp\u00e4teren Stunde wieder im Biergarten des Gasthauses bei Live-Musik ein. Nach einem kurzweiligen Fr\u00fchschoppen trat die lustige Gruppe am Sonntagmittag die R\u00fcckreise an.<\/p>\n\n\n\n<p>Quelle und Bild: TV Kirch-G\u00f6ns vom 13. September 2017<\/p>\n\n\n\n<figure class=\"wp-block-image size-full\"><img loading=\"lazy\" decoding=\"async\" width=\"300\" height=\"224\" src=\"http:\/\/875jahrekirchgoens.de\/wp-content\/uploads\/2024\/02\/Jubi-Bild1.jpg\" alt=\"\" class=\"wp-image-14700\"\/><\/figure>\n","protected":false},"excerpt":{"rendered":"<p>Anl\u00e4sslich des Drei\u00dfigj\u00e4hrigen Jubil\u00e4umstag \u2013 gegr\u00fcndet am 22. August 1987 \u2013 unternahm die 28k\u00f6pfige Reisegruppe der Freizeitfussballer im TV Kirch-G\u00f6ns am vergangenen Wochenende einen zweit\u00e4gigen Ausflug nach Hirschaid in der N\u00e4he von Bamberg. Nach der vierst\u00fcndigen Busfahrt, inklusive Fr\u00fchst\u00fcck, bezog man in einem gr\u00f6\u00dferen Gasthaus die Zimmer. Beim anschlie\u00dfenden Mittagessen folgte die \u00dcbergabe des Jubil\u00e4umspokales &#8230; <a title=\"Jubil\u00e4umsfahrt \u2013 Drei\u00dfig Jahre Quartermain-Club Kirch-G\u00f6ns\" class=\"read-more\" href=\"http:\/\/875jahrekirchgoens.de\/?p=14729\" aria-label=\"Mehr Informationen \u00fcber Jubil\u00e4umsfahrt \u2013 Drei\u00dfig Jahre Quartermain-Club Kirch-G\u00f6ns\">Weiterlesen<\/a><\/p>\n","protected":false},"author":1,"featured_media":0,"comment_status":"closed","ping_status":"open","sticky":false,"template":"","format":"standard","meta":{"footnotes":""},"categories":[1],"tags":[],"class_list":["post-14729","post","type-post","status-publish","format-standard","hentry","category-infos"],"_links":{"self":[{"href":"http:\/\/875jahrekirchgoens.de\/index.php?rest_route=\/wp\/v2\/posts\/14729","targetHints":{"allow":["GET"]}}],"collection":[{"href":"http:\/\/875jahrekirchgoens.de\/index.php?rest_route=\/wp\/v2\/posts"}],"about":[{"href":"http:\/\/875jahrekirchgoens.de\/index.php?rest_route=\/wp\/v2\/types\/post"}],"author":[{"embeddable":true,"href":"http:\/\/875jahrekirchgoens.de\/index.php?rest_route=\/wp\/v2\/users\/1"}],"replies":[{"embeddable":true,"href":"http:\/\/875jahrekirchgoens.de\/index.php?rest_route=%2Fwp%2Fv2%2Fcomments&post=14729"}],"version-history":[{"count":1,"href":"http:\/\/875jahrekirchgoens.de\/index.php?rest_route=\/wp\/v2\/posts\/14729\/revisions"}],"predecessor-version":[{"id":14730,"href":"http:\/\/875jahrekirchgoens.de\/index.php?rest_route=\/wp\/v2\/posts\/14729\/revisions\/14730"}],"wp:attachment":[{"href":"http:\/\/875jahrekirchgoens.de\/index.php?rest_route=%2Fwp%2Fv2%2Fmedia&parent=14729"}],"wp:term":[{"taxonomy":"category","embeddable":true,"href":"http:\/\/875jahrekirchgoens.de\/index.php?rest_route=%2Fwp%2Fv2%2Fcategories&post=14729"},{"taxonomy":"post_tag","embeddable":true,"href":"http:\/\/875jahrekirchgoens.de\/index.php?rest_route=%2Fwp%2Fv2%2Ftags&post=14729"}],"curies":[{"name":"wp","href":"https:\/\/api.w.org\/{rel}","templated":true}]}}