{"id":14752,"date":"2022-05-06T18:12:00","date_gmt":"2022-05-06T18:12:00","guid":{"rendered":"http:\/\/875jahrekirchgoens.de\/?p=14752"},"modified":"2024-02-03T18:13:41","modified_gmt":"2024-02-03T18:13:41","slug":"scheine-fuer-vereine","status":"publish","type":"post","link":"http:\/\/875jahrekirchgoens.de\/?p=14752","title":{"rendered":"Scheine f\u00fcr Vereine"},"content":{"rendered":"\n<p>Die k\u00fcrzlich in ihren Jahreshauptversammlungen wiedergew\u00e4hlten ersten Vorsitzenden werben gemeinsam f\u00fcr die ab 25. April gestartete REWE-Vereinsaktion \u201eScheine f\u00fcr Vereine\u201c unter dem Motto \u201eZusammen sind wir stark\u201c. Gegen\u00fcber der BZ teilten Ratz und Metz mit, dass sie diese tolle Chance erneut nutzen und hoffen, dass viele Freunde und G\u00f6nner beider Vereine kr\u00e4ftig Scheine sammeln. Beim Einkauf von pro Euro 15,- Einkaufwert kann man sich einen Vereinsschein sichern. Zu den letzten beiden Aktionen konnten beide TV\u00b4s bereits erfolgreich teilnehmen und sch\u00f6ne Pr\u00e4mien abrufen. Gerne m\u00f6chten beide Turnvereine weitere Angebote zur Beschaffung von Sportger\u00e4ten (Fitnessb\u00e4nder, B\u00e4lle oder sonstige Vereinsausstattungen) f\u00fcr Ihre Aktiven vornehmen und hoffen auf viel Unterst\u00fctzung. Gerne k\u00f6nnen auch die \u201eScheine f\u00fcr Vereine\u201c bei den Vorsitzenden abgegeben werden, damit die Erfassung erfolgt.<\/p>\n\n\n\n<p>Quelle und Bild: TV Kirch-G\u00f6ns vom 6. Mai 2022<\/p>\n\n\n\n<figure class=\"wp-block-image size-full\"><img loading=\"lazy\" decoding=\"async\" width=\"150\" height=\"150\" src=\"http:\/\/875jahrekirchgoens.de\/wp-content\/uploads\/2024\/02\/Scheine-Bild1.jpg\" alt=\"\" class=\"wp-image-14749\"\/><figcaption class=\"wp-element-caption\">J\u00fcrgen Ratz \u2013 rechts im Bild \u2013 vom TV Frisch Auf 1905 Pohl-G\u00f6ns e. V. und Thorsten Metz \u2013 links \u2013 vom TV Vorw\u00e4rts 1891 Kirch-G\u00f6ns e. V.<\/figcaption><\/figure>\n","protected":false},"excerpt":{"rendered":"<p>Die k\u00fcrzlich in ihren Jahreshauptversammlungen wiedergew\u00e4hlten ersten Vorsitzenden werben gemeinsam f\u00fcr die ab 25. April gestartete REWE-Vereinsaktion \u201eScheine f\u00fcr Vereine\u201c unter dem Motto \u201eZusammen sind wir stark\u201c. Gegen\u00fcber der BZ teilten Ratz und Metz mit, dass sie diese tolle Chance erneut nutzen und hoffen, dass viele Freunde und G\u00f6nner beider Vereine kr\u00e4ftig Scheine sammeln. Beim &#8230; <a title=\"Scheine f\u00fcr Vereine\" class=\"read-more\" href=\"http:\/\/875jahrekirchgoens.de\/?p=14752\" aria-label=\"Mehr Informationen \u00fcber Scheine f\u00fcr Vereine\">Weiterlesen<\/a><\/p>\n","protected":false},"author":1,"featured_media":0,"comment_status":"closed","ping_status":"open","sticky":false,"template":"","format":"standard","meta":{"footnotes":""},"categories":[1],"tags":[],"class_list":["post-14752","post","type-post","status-publish","format-standard","hentry","category-infos"],"_links":{"self":[{"href":"http:\/\/875jahrekirchgoens.de\/index.php?rest_route=\/wp\/v2\/posts\/14752","targetHints":{"allow":["GET"]}}],"collection":[{"href":"http:\/\/875jahrekirchgoens.de\/index.php?rest_route=\/wp\/v2\/posts"}],"about":[{"href":"http:\/\/875jahrekirchgoens.de\/index.php?rest_route=\/wp\/v2\/types\/post"}],"author":[{"embeddable":true,"href":"http:\/\/875jahrekirchgoens.de\/index.php?rest_route=\/wp\/v2\/users\/1"}],"replies":[{"embeddable":true,"href":"http:\/\/875jahrekirchgoens.de\/index.php?rest_route=%2Fwp%2Fv2%2Fcomments&post=14752"}],"version-history":[{"count":1,"href":"http:\/\/875jahrekirchgoens.de\/index.php?rest_route=\/wp\/v2\/posts\/14752\/revisions"}],"predecessor-version":[{"id":14753,"href":"http:\/\/875jahrekirchgoens.de\/index.php?rest_route=\/wp\/v2\/posts\/14752\/revisions\/14753"}],"wp:attachment":[{"href":"http:\/\/875jahrekirchgoens.de\/index.php?rest_route=%2Fwp%2Fv2%2Fmedia&parent=14752"}],"wp:term":[{"taxonomy":"category","embeddable":true,"href":"http:\/\/875jahrekirchgoens.de\/index.php?rest_route=%2Fwp%2Fv2%2Fcategories&post=14752"},{"taxonomy":"post_tag","embeddable":true,"href":"http:\/\/875jahrekirchgoens.de\/index.php?rest_route=%2Fwp%2Fv2%2Ftags&post=14752"}],"curies":[{"name":"wp","href":"https:\/\/api.w.org\/{rel}","templated":true}]}}