{"id":14754,"date":"2022-05-06T18:13:00","date_gmt":"2022-05-06T18:13:00","guid":{"rendered":"http:\/\/875jahrekirchgoens.de\/?p=14754"},"modified":"2024-02-03T19:44:26","modified_gmt":"2024-02-03T19:44:26","slug":"vorsitzender-thorsten-metz-fuer-zwanzigjaehrige-amtszeit-als-vorsitzender-geehrt","status":"publish","type":"post","link":"http:\/\/875jahrekirchgoens.de\/?p=14754","title":{"rendered":"Vorsitzender Thorsten Metz f\u00fcr zwanzigj\u00e4hrige Amtszeit als Vorsitzender geehrt"},"content":{"rendered":"\n<p>An alter Wirkungsst\u00e4tte fand die diesj\u00e4hrige Jahreshauptversammlung f\u00fcr das Gesch\u00e4ftsjahr 2021 des Turnverein Vorw\u00e4rts 1891 Kirch-G\u00f6ns e. V. im Sportlerheim Kirch-G\u00f6ns am vergangenen Freitagabend statt. Vorsitzender Thorsten Metz konnte drei\u00dfig Teilnehmer begr\u00fc\u00dfen. Metz erinnerte an die 2021 und 2022 verstorbenen Mitglieder Ewald S\u00f6hngen, Kurt Eckhard, Klaus Katzenmayer, Willi Fuchs, G\u00fcnter Steiner und J\u00fcrgen Wohlfahrt. Der Bericht des Vorsitzenden zum Gesch\u00e4ftsjahr 2021 fiel sp\u00e4rlich aus. Ein eingeschr\u00e4nkter Sportbetrieb fand statt, war aber weit entfernt von einem normalen Vereinsleben, so Metz. Trotz des eingeschr\u00e4nkten Angebotes hatte man praktisch kein Mitgliederschwund zu verzeichnen. Im Anschluss folgte, in Vertretung vom HSG-Vorsitzenden, der Bericht und Ausblick auf die neue Handballsaison der HSG Butzbach durch Melanie Dre\u00dfler. Kurt Hartig berichtet \u00fcber das Geschehen in der Tisch-Tennis-Abteilung und Anne Beutel informierte \u00fcber die T\u00e4tigkeiten in der Turnabteilung des TV Kirch- und Pohl-G\u00f6ns. F\u00fcr den verhinderten Tobias Cott trug Metz den sehr kurzen Bericht der Freizeitsportabteilung vor. Kassenwartin Kristina Euler konnte eine solide Finanzsituation zu der TV- und Andrea Schepp zu der HSG-Kasse berichten. Die TV-Kassenpr\u00fcfung des vergangenen Gesch\u00e4ftsjahres erfolgte durch Michael Tiedemann und Jens Metz. Es gab keine Beanstandungen. Der Vorstand wurde einstimmig entlastet. Die Wahl des Wahlleiters \u00fcbernahm J\u00fcrgen Ratz. Die Positionen wurden mit dem 1. Vorsitzenden Thorsten Metz, dem 2. Vorsitzenden Torsten Klein, der 1. Kassenwartin Kristina Euler, des 2. Kassenwartes mit unbesetzt, dem 1. Schriftf\u00fchrer Michael Raschke, dem 2. Schriftf\u00fchrer Marco Reinhard, dem Abteilungsleiter Handball Karl Schuller, der 1. Jugendwartin Anne Beutel, dem Abteilungsleiter Tisch-Tennis Kurt Hartig, dem Freizeitsportwart Tobias Cott und den Beisitzern Oliver Thiele, Thorsten R\u00f6hrig, Christian Mack und Uwe Hartmann, im Amt best\u00e4tigt. Neu im Amt gew\u00e4hlt wurde die 2. Jugendwartin Katharina Hankel. In Abstimmung mit dem TV Pohl-G\u00f6ns stellte Metz im Namen des Vorstandes den Antrag zur Beitragsanpassung. Die letzte Erh\u00f6hung fand vor neun Jahren statt. Passive Mitglieder sollen k\u00fcnftig 36 statt 33 Euro im Jahr zahlen, f\u00fcr Aktive steigt der Beitrag von 45 auf 55 Euro. F\u00fcr Senioren, die nach dem 1. Januar 2023 dem Verein beitreten, wird ein Betrag von Euro 25 Euro erhoben werden. Jugendliche werden bis zum 18. Lebensjahr beitragsfrei gestellt (bisher bis 14 Jahre), wenn mindestens ein Elternteil Mitglied im Verein ist. Gr\u00fcnde der Erh\u00f6hung teilte Metz unter anderem die allgemeine Kostensteigerung und einen mit weniger als vier Euro im Monat im Aktivenbereich zu niedrigen Obolus im Vergleich zu allen Nachbarvereinen mit. Die Mehreinnahmen sollen u. a. einer besseren F\u00f6rderung der \u00dcbungsleiter zukommen. Die vom Vorstand beantragte Beitragsanpassung wurde von der Versammlung genehmigt. Als Ausblick auf das laufende Vereinsjahr k\u00fcndigte Metz an, evtl. einen Vereinsausflug planen zu wollen, falls die Corona-Situation dies zulasse. Geehrt wurden f\u00fcr 40j\u00e4hrige Mitgliedschaft Dieter Daniel, Ralf Langsdorf, Sigrid Becker, Hiltrud Euler, Iris Klarner, Peter Sperzel, Monika Sperzel, Kathy Schicketanz, Wilfried Cott, Werner M\u00e4hler und Rainer Maiwald. F\u00fcr 60j\u00e4hirge Mitgliedschaft geehrt wurden Rudi Weber, Willi Calling, Heidrun Thate, Renate Misch und Renate R\u00fchl. Weitere Ehrungen erfolgten f\u00fcr das scheidende Vorstandsmitglied Stephanie Sohn f\u00fcr zehnj\u00e4hrige Vorstandst\u00e4tigkeit, dem Vorstandsmitglied Marco Reinhard f\u00fcr 20j\u00e4hrige Vorstandsarbeit und dem Vorsitzenden Metz f\u00fcr seine drei\u00dfigj\u00e4hrige Vereinsarbeit. Ferner wurde Metz f\u00fcr seine zwanzigj\u00e4hrige Amtszeit als erster Vorsitzender geehrt. Nach den Gru\u00dfworten des IG-Vorsitzenden Michael Tiedemann und J\u00fcrgen Ratz vom TV Pohl-G\u00f6ns bedankte sich Metz abschlie\u00dfend bei allen Freuden und G\u00f6nnern, sowie den Helfern im Sportbetrieb, allen \u00dcbungsleitern, Schiedsrichtern, dem Vorstand und dem TV Pohl-G\u00f6ns f\u00fcr das Engagement. Nach dem offiziellen Teil wurde ein Imbiss gereicht.<\/p>\n\n\n\n<p>Quelle und Bilder: TV Kirch-G\u00f6ns vom 6. Mai 2022<\/p>\n\n\n\n<figure class=\"wp-block-gallery has-nested-images columns-default is-cropped wp-block-gallery-1 is-layout-flex wp-block-gallery-is-layout-flex\">\n<figure class=\"wp-block-image size-large\"><img loading=\"lazy\" decoding=\"async\" width=\"150\" height=\"150\" data-id=\"14750\" src=\"http:\/\/875jahrekirchgoens.de\/wp-content\/uploads\/2024\/02\/Vors-Bild1.jpg\" alt=\"\" class=\"wp-image-14750\"\/><figcaption class=\"wp-element-caption\">Ehrungen zur 40j\u00e4hrigen Mitgliedschaft im TV K-G, v. l.: 1. Vorsitzender Thorsten Metz, Sigrid Becker, Hiltrud Euler, Kathy Schicketanz, Wilfried Cott, Rainer Maiwald, Monika Sperzel, Dieter Daniel, Peter Sperzel und 2. Vorsitzender Torsten Klein.<\/figcaption><\/figure>\n\n\n\n<figure class=\"wp-block-image size-large\"><img loading=\"lazy\" decoding=\"async\" width=\"150\" height=\"150\" data-id=\"14744\" src=\"http:\/\/875jahrekirchgoens.de\/wp-content\/uploads\/2024\/02\/Vors-Bild2.jpg\" alt=\"\" class=\"wp-image-14744\"\/><figcaption class=\"wp-element-caption\">Ehrungen zur 60j\u00e4hrigen Mitgliedschaft im TV K-G, v. l.: 1. Vorsitzender Thorsten Metz, Heidrun Thate, Willi Calling, Renate Misch und 2. Vorsitzender Torsten Klein.<\/figcaption><\/figure>\n<\/figure>\n","protected":false},"excerpt":{"rendered":"<p>An alter Wirkungsst\u00e4tte fand die diesj\u00e4hrige Jahreshauptversammlung f\u00fcr das Gesch\u00e4ftsjahr 2021 des Turnverein Vorw\u00e4rts 1891 Kirch-G\u00f6ns e. V. im Sportlerheim Kirch-G\u00f6ns am vergangenen Freitagabend statt. Vorsitzender Thorsten Metz konnte drei\u00dfig Teilnehmer begr\u00fc\u00dfen. Metz erinnerte an die 2021 und 2022 verstorbenen Mitglieder Ewald S\u00f6hngen, Kurt Eckhard, Klaus Katzenmayer, Willi Fuchs, G\u00fcnter Steiner und J\u00fcrgen Wohlfahrt. Der &#8230; <a title=\"Vorsitzender Thorsten Metz f\u00fcr zwanzigj\u00e4hrige Amtszeit als Vorsitzender geehrt\" class=\"read-more\" href=\"http:\/\/875jahrekirchgoens.de\/?p=14754\" aria-label=\"Mehr Informationen \u00fcber Vorsitzender Thorsten Metz f\u00fcr zwanzigj\u00e4hrige Amtszeit als Vorsitzender geehrt\">Weiterlesen<\/a><\/p>\n","protected":false},"author":1,"featured_media":0,"comment_status":"closed","ping_status":"open","sticky":false,"template":"","format":"standard","meta":{"footnotes":""},"categories":[1],"tags":[],"class_list":["post-14754","post","type-post","status-publish","format-standard","hentry","category-infos"],"_links":{"self":[{"href":"http:\/\/875jahrekirchgoens.de\/index.php?rest_route=\/wp\/v2\/posts\/14754","targetHints":{"allow":["GET"]}}],"collection":[{"href":"http:\/\/875jahrekirchgoens.de\/index.php?rest_route=\/wp\/v2\/posts"}],"about":[{"href":"http:\/\/875jahrekirchgoens.de\/index.php?rest_route=\/wp\/v2\/types\/post"}],"author":[{"embeddable":true,"href":"http:\/\/875jahrekirchgoens.de\/index.php?rest_route=\/wp\/v2\/users\/1"}],"replies":[{"embeddable":true,"href":"http:\/\/875jahrekirchgoens.de\/index.php?rest_route=%2Fwp%2Fv2%2Fcomments&post=14754"}],"version-history":[{"count":1,"href":"http:\/\/875jahrekirchgoens.de\/index.php?rest_route=\/wp\/v2\/posts\/14754\/revisions"}],"predecessor-version":[{"id":14755,"href":"http:\/\/875jahrekirchgoens.de\/index.php?rest_route=\/wp\/v2\/posts\/14754\/revisions\/14755"}],"wp:attachment":[{"href":"http:\/\/875jahrekirchgoens.de\/index.php?rest_route=%2Fwp%2Fv2%2Fmedia&parent=14754"}],"wp:term":[{"taxonomy":"category","embeddable":true,"href":"http:\/\/875jahrekirchgoens.de\/index.php?rest_route=%2Fwp%2Fv2%2Fcategories&post=14754"},{"taxonomy":"post_tag","embeddable":true,"href":"http:\/\/875jahrekirchgoens.de\/index.php?rest_route=%2Fwp%2Fv2%2Ftags&post=14754"}],"curies":[{"name":"wp","href":"https:\/\/api.w.org\/{rel}","templated":true}]}}