{"id":14759,"date":"2021-09-13T20:13:00","date_gmt":"2021-09-13T20:13:00","guid":{"rendered":"http:\/\/875jahrekirchgoens.de\/?p=14759"},"modified":"2024-02-03T20:14:56","modified_gmt":"2024-02-03T20:14:56","slug":"vorstand-komplett-wiedergewaehlt","status":"publish","type":"post","link":"http:\/\/875jahrekirchgoens.de\/?p=14759","title":{"rendered":"Vorstand komplett wiedergew\u00e4hlt"},"content":{"rendered":"\n<p>Bedingt durch die anhaltende Pandemie mussten die Jahreshauptversammlungen f\u00fcr die Gesch\u00e4ftsjahre 2019 und 2020 des Turnverein Vorw\u00e4rts 1891 Kirch-G\u00f6ns e. V. verschoben werden. Nunmehr war es unter den gesundheitlichen Vorgaben m\u00f6glich, die Mitgliederversammlung am 3. September im Gruppenraum der Mehrzweckhalle Kirch-\/Pohl-G\u00f6ns abzuhalten. Vorsitzender Thorsten Metz konnte nicht viele Mitglieder begr\u00fc\u00dfen. Metz erinnerte an die 2019, 2020 und 2021 verstorbenen Mitglieder Volker Eckhard, Hanni Frischmuth, Margot G\u00e4rtner, Thilo Lauer, Kurt M\u00fcller, Ewald S\u00f6hngen, Kurt Eckhard und Klaus Katzenmayer. Er blickte auf ein ereignisreiches Gesch\u00e4ftsjahr 2019 mit dem gemeinsamen Kappenabend des Sch\u00fctzenvereins, den Einbau einer Bodentreppe im Sportlerheim, der Teilnahme an der akademischen Feier zum 100j\u00e4hrigen Bestehen des TSV Niederkleen und dem Festumzug, der Anbringung eines neuen Vereinsschildes am Sportlerheim, der Tagesfahrt zum Hessentag und einem TV-Ausflug nach Bingen, der Gestellung von Personal f\u00fcr die Jubil\u00e4umsfeier zum 50j\u00e4hrigen Geburtstages des Kirch-G\u00f6nser Kindergartens, der \u201eScheine f\u00fcr Vereine \u2013 Aktion\u201c eines Lebensmittelgro\u00dfhandels, der Anschaffung eines Laptops, der Kindernikolausfeier und dem seit mehreren Jahren gut durchgef\u00fchrten Weihnachtsmarkt zur\u00fcck. Der Bericht des Vorsitzenden zum Gesch\u00e4ftsjahr 2020 fiel sp\u00e4rlich aus. Anfang Februar konnte man noch den Kappenabend durchf\u00fchren. Mit Inkrafttreten des bundesweiten Kontaktverbotes am 22. M\u00e4rz 2020 war das Vereinsleben pl\u00f6tzlich stillgelegt. Ab Ende Mai war zwar ein eingeschr\u00e4nkter Sportbetrieb wieder m\u00f6glich, war aber weit entfernt von einem normalen Vereinsleben, so Metz. Ende des Jahres hatte uns die Pandemie wieder voll im Griff, sodass ab November gar nichts mehr ging. Bezugnehmend auf die Handballspielgemeinschaft fanden intensive Gespr\u00e4che zwischen dem TSV Butzbach, TV Kirch-G\u00f6ns, TV Pohl-G\u00f6ns und dem HSV Butzbach-Degerfeld statt, in denen es um eine Erweiterung der Spielgemeinschaft ging. Zum 1. Juli 2020 wurde die HSG Kirch-\/Pohl-G\u00f6ns\/Butzbach aufgel\u00f6st, die HSG Butzbach gegr\u00fcndet und vom HHV genehmigt. Federf\u00fchrend fanden vom TV Pohl-G\u00f6ns Gespr\u00e4che mit dem TSV Ebersg\u00f6ns statt und eine Kooperation des TV Pohl-G\u00f6ns, TSV Ebersg\u00f6ns und TV Kirch-G\u00f6ns bez\u00fcglich der Zusammenarbeit in den Fachsparten Sportakrobatik und Judo wurden vereinbart. Die Erneuerung der Gr\u00fcnanlage am Sportlerheim durch die Stadt Butzbach und eine Reinigungsaktion am und im Sportlerheim fand durch den Vorstand statt. Erfreulich ist die Neugr\u00fcndung einer Damen-Turnabteilung seit Oktober 2020. Im Anschluss folgte durch Carsten Dannwolf der Bericht und Ausblick auf die neue Handballsaison der HSG Butzbach. Kurt Hartig berichtet \u00fcber das Geschehen in der Tisch-Tennis-Abteilung und Anne Beutel zeigte die T\u00e4tigkeiten in der Turnabteilung des TV Kirch- und Pohl-G\u00f6ns auf. Tobias Cott trug seinen Bericht zu der Freizeitsportabteilung vor. Kassenwartin Kristina Euler konnte eine solide Finanzsituation zu der TV- und HSG-Kasse berichten. Die Kassenpr\u00fcfung der letzten zwei Jahre erfolgte durch Michael Wellner und Steffen H\u00e4user. Kassenpr\u00fcfer bei der HSG war Michael Tiedemann. Es gab bei beiden Kassen keine Beanstandungen. Der Vorstand wurde einstimmig entlastet. Neue TV-Kassenpr\u00fcfer sind Jens Metz und Michael Tiedemann. Die Wahl des Wahlleiters \u00fcbernahm J\u00fcrgen Ratz und der kommissarisch leitende Vorstand des TV wurde r\u00fcckwirkend bis zum Gesch\u00e4ftsjahr 2022 einstimmig gew\u00e4hlt. Die Positionen wurden mit dem 1. Vorsitzenden Thorsten Metz, dem 2. Vorsitzenden Torsten Klein, der 1. Kassenwartin Kristina Euler, der 2. Kassenwartin Stephanie G\u00e4rtner, dem 1. Schriftf\u00fchrer Michael Raschke, dem 2. Schriftf\u00fchrer Marco Reinhard, dem Abteilungsleiter Handball Karl Schuller, der 1. Jugendwartin Anne Beutel, dem Abteilungsleiter Tisch-Tennis Kurt Hartig, dem Freizeitsportwart Tobias Cott und den Beisitzern Oliver Thiele, Thorsten R\u00f6hrig, Christian Mack und Uwe Hartmann, im Amt best\u00e4tigt. Geehrt wurden f\u00fcr 25j\u00e4hrige Mitgliedschaft Jutta Richard, Eva Maria Schuller, Martina Wagner, Heike Alles, Arnd Griessl, Hiltrud Lowak, Jens-Jochen Metz, Andreas D\u00e4mon, Anita R\u00f6hrig und Christian Kaminski. F\u00fcr 40j\u00e4hrige Mitgliedschaft Stefan Schwarzer. F\u00fcr 50j\u00e4hrige Mitgliedschaft Alex Myroniuk, Gerhard Eckard und Peter Braasch sowie f\u00fcr 60j\u00e4hirge Mitgliedschaft Werner Schmidt, Friedel Nern, Klaus Heiden, Werner G\u00e4rtner, Lothar R\u00f6hrig, und Richard Schepp. Die Ehrungen aus dem Jahre 2020 wurden bereits im vergangenen Jahr durchgef\u00fchrt. Im Einzelnen war dies f\u00fcr 25j\u00e4hrige Mitgliedschaft Elvira Janke, Heidrun Diehl, Melanie Messerschmidt, Stephanie Sohn, Anne-Katrin Beutel, Tina Klein und Heike Bunfill. F\u00fcr 40j\u00e4hrige Mitgliedschaft Brigitte Woiselschl\u00e4ger, Anita Schwientek, Burkhard M\u00fcll, Klaus-Peter Maiwald, Herbert Alles, Jens Peter Braasch, Uwe Misch, Wolfgang Stehr, Thomas Schicketanz, Inge Koglin, Ingrid Herbel und Birgit M\u00fcller. F\u00fcr 60j\u00e4hrige Mitgliedschaft Gerd H\u00e4user und f\u00fcr 70j\u00e4hrige Hans Giehl. Abschlie\u00dfend bedankte sich Metz bei allen Freuden und G\u00f6nnern, sowie den Helfern im Sportbetrieb, allen \u00dcbungsleitern, Schiedsrichtern dem Vorstand und dem TV Pohl-G\u00f6ns f\u00fcr ihr Engagement. Der \u00fcblicherweise gereichte Imbiss musste nach dem offiziellen Teil ausfallen.<\/p>\n\n\n\n<p>Quelle und Bild: TV Kirch-G\u00f6ns vom 13. September 2021<\/p>\n\n\n\n<figure class=\"wp-block-image size-full\"><img loading=\"lazy\" decoding=\"async\" width=\"313\" height=\"195\" src=\"http:\/\/875jahrekirchgoens.de\/wp-content\/uploads\/2024\/02\/komplett-Bild1.jpg\" alt=\"Ehrungen des TV K-G, v. l.: 1. Vorsitzender Thorsten Metz, Alex Myroniuk, Klaus Heiden, Peter Braasch, Werner G\u00e4rtner, Jens Metz und 2. Vorsitzender Torsten Klein.\" class=\"wp-image-14760\" srcset=\"http:\/\/875jahrekirchgoens.de\/wp-content\/uploads\/2024\/02\/komplett-Bild1.jpg 313w, http:\/\/875jahrekirchgoens.de\/wp-content\/uploads\/2024\/02\/komplett-Bild1-300x187.jpg 300w\" sizes=\"auto, (max-width: 313px) 100vw, 313px\" \/><\/figure>\n","protected":false},"excerpt":{"rendered":"<p>Bedingt durch die anhaltende Pandemie mussten die Jahreshauptversammlungen f\u00fcr die Gesch\u00e4ftsjahre 2019 und 2020 des Turnverein Vorw\u00e4rts 1891 Kirch-G\u00f6ns e. V. verschoben werden. Nunmehr war es unter den gesundheitlichen Vorgaben m\u00f6glich, die Mitgliederversammlung am 3. September im Gruppenraum der Mehrzweckhalle Kirch-\/Pohl-G\u00f6ns abzuhalten. Vorsitzender Thorsten Metz konnte nicht viele Mitglieder begr\u00fc\u00dfen. Metz erinnerte an die 2019, &#8230; <a title=\"Vorstand komplett wiedergew\u00e4hlt\" class=\"read-more\" href=\"http:\/\/875jahrekirchgoens.de\/?p=14759\" aria-label=\"Mehr Informationen \u00fcber Vorstand komplett wiedergew\u00e4hlt\">Weiterlesen<\/a><\/p>\n","protected":false},"author":1,"featured_media":0,"comment_status":"closed","ping_status":"open","sticky":false,"template":"","format":"standard","meta":{"footnotes":""},"categories":[1],"tags":[],"class_list":["post-14759","post","type-post","status-publish","format-standard","hentry","category-infos"],"_links":{"self":[{"href":"http:\/\/875jahrekirchgoens.de\/index.php?rest_route=\/wp\/v2\/posts\/14759","targetHints":{"allow":["GET"]}}],"collection":[{"href":"http:\/\/875jahrekirchgoens.de\/index.php?rest_route=\/wp\/v2\/posts"}],"about":[{"href":"http:\/\/875jahrekirchgoens.de\/index.php?rest_route=\/wp\/v2\/types\/post"}],"author":[{"embeddable":true,"href":"http:\/\/875jahrekirchgoens.de\/index.php?rest_route=\/wp\/v2\/users\/1"}],"replies":[{"embeddable":true,"href":"http:\/\/875jahrekirchgoens.de\/index.php?rest_route=%2Fwp%2Fv2%2Fcomments&post=14759"}],"version-history":[{"count":1,"href":"http:\/\/875jahrekirchgoens.de\/index.php?rest_route=\/wp\/v2\/posts\/14759\/revisions"}],"predecessor-version":[{"id":14761,"href":"http:\/\/875jahrekirchgoens.de\/index.php?rest_route=\/wp\/v2\/posts\/14759\/revisions\/14761"}],"wp:attachment":[{"href":"http:\/\/875jahrekirchgoens.de\/index.php?rest_route=%2Fwp%2Fv2%2Fmedia&parent=14759"}],"wp:term":[{"taxonomy":"category","embeddable":true,"href":"http:\/\/875jahrekirchgoens.de\/index.php?rest_route=%2Fwp%2Fv2%2Fcategories&post=14759"},{"taxonomy":"post_tag","embeddable":true,"href":"http:\/\/875jahrekirchgoens.de\/index.php?rest_route=%2Fwp%2Fv2%2Ftags&post=14759"}],"curies":[{"name":"wp","href":"https:\/\/api.w.org\/{rel}","templated":true}]}}