{"id":14765,"date":"2021-12-08T20:16:00","date_gmt":"2021-12-08T20:16:00","guid":{"rendered":"http:\/\/875jahrekirchgoens.de\/?p=14765"},"modified":"2024-02-03T20:17:39","modified_gmt":"2024-02-03T20:17:39","slug":"130-jahre-tv-kirch-goens","status":"publish","type":"post","link":"http:\/\/875jahrekirchgoens.de\/?p=14765","title":{"rendered":"130 JAHRE TV KIRCH-G\u00d6NS"},"content":{"rendered":"\n<p>Im Sommer des Jahres 1891 fand sich eine Gruppe junger M\u00e4nner, die aufgeschlossen f\u00fcr die sportlichen Bestrebungen der damaligen Zeit, voll Begeisterung Tatenkraft und Freude den Idealen des Turnens zollten, zusammen und besuchten ein Turnfest in Butzbach. Die jungen Kirch-G\u00f6nser M\u00e4nner, die wohl vom Geist des Turnvaters Jahn beseelt waren, machten sich nach dem Abturnen auf dem Heimweg. Noch voll von dem Geschehenen, den Eindr\u00fccken und Leistungen, begeistert von der gro\u00dfen Gemeinschaft der Turner, reifte in ihnen der Gedanke, auch in dem Heimatdorf einen Turnverein zu gr\u00fcnden. Die deutsche Turnbewegung, die in Butzbach dank Friedrich Ludwig Weidig einen ihrer Eckpfeiler besa\u00df, bef\u00f6rderte in dieser Zeit mannigfaltige Vereinsgr\u00fcndungen, die von den Zentren weit in die deutschen Provinzen abstrahlten. Zu den Gr\u00fcndern des Turnverein Kirch-G\u00f6ns geh\u00f6rten die Herren Wilhelm Steitz, Wilhelm R\u00fchl, Wilhelm Hanack und Wilhelm Langsdorf. Als Kuriosum mag anzusehen sein, dass diese J\u00fcnglinge, die das Band der Einigkeit umschloss, alle gleichen Vornamens \u201e<em>Wilhelm\u201c <\/em>waren. Diese vier Wilhelme brachten es fertig, den revolutionierenden Gedanken sportlicher Bet\u00e4tigung laut werden zu lassen und trotz aller Unwillen und Anfeindungen zahlreicher Gegner einen Verein ins Leben zu rufen. In unserer heutigen Zeit kann man die Anfeindungen nicht messen, welche im Jahre 1891 herrschen mussten, da die \u201eanst\u00f6\u00dfige\u201c Kleidung der Sportler um die Jahrhundertwende Grund zur Ablehnung des Sports gewesen sein muss. Wir betrachten heute den Sport als Eigentum der Gemeinschaft, als Bet\u00e4tigungsfeld aller und dar\u00fcber hinaus als Faktor zur Gesundheit unseres K\u00f6rpers. Heute leuchten jedem diese Thesen ein. Damals jedoch bedeuteten die ersten Schritte in dieser Hinsicht die Verdrehung aller Begriffe von Sitte, Moral und Anstand. Umso mehr kann heute den Gr\u00fcndern tiefe Dankbarkeit nachgesagt werden, weil sie von diesem Gedanken des Guten am Sport nicht abgingen und sie selbst gegen heftige Anfeindungen nicht wankelm\u00fctig werden lie\u00df. Am 1. September 1891 wurde der TV Vorw\u00e4rts 1891 Kirch-G\u00f6ns dann gegr\u00fcndet. Nicht p\u00fcnktlich zum 130j\u00e4hrigen Geburtstag, aber gerade noch rechtzeitig im Jubil\u00e4umsjahr konnte sich der aktuelle Vorstand des TV neulich zusammenfinden, um ein Gruppenbild f\u00fcr das Vereinsarchiv anzufertigen. In Kooperation mit dem TV Pohl-G\u00f6ns betreibt der TV Kirch-G\u00f6ns aktuell den Sportbetrieb f\u00fcr Kinder- und Erwachsenenturnen, Sportakrobatik, Kinder-Judo und Tischtennis. Eine weitere Kooperation besteht mit dem TSV Ebersg\u00f6ns. Ferner pr\u00e4gt der Hallenhandball, in Gemeinschaft mit dem TSV Butzbach, HSV Butzbach und dem TV Pohl-G\u00f6ns \u2013 als HSG Butzbach \u2013 das Vereinsgeschehen. Bei fast dreihundert aktiven Handballspieler-\/innen ist allen \u00dcbungsleitern\/innen und Helfern\/innen f\u00fcr das Engagement zur Erhaltung des Sportbetriebes zu danken. Auch allen Sponsoren und Spendern ist ein Dank auszusprechen.<\/p>\n\n\n\n<p>Quelle und Bild: TV Kirch-G\u00f6ns vom 8. Dezember 2021<\/p>\n\n\n\n<figure class=\"wp-block-image size-full\"><img loading=\"lazy\" decoding=\"async\" width=\"639\" height=\"426\" src=\"http:\/\/875jahrekirchgoens.de\/wp-content\/uploads\/2024\/02\/130-Bild1.jpg\" alt=\"\" class=\"wp-image-14766\" srcset=\"http:\/\/875jahrekirchgoens.de\/wp-content\/uploads\/2024\/02\/130-Bild1.jpg 639w, http:\/\/875jahrekirchgoens.de\/wp-content\/uploads\/2024\/02\/130-Bild1-300x200.jpg 300w\" sizes=\"auto, (max-width: 639px) 100vw, 639px\" \/><\/figure>\n","protected":false},"excerpt":{"rendered":"<p>Im Sommer des Jahres 1891 fand sich eine Gruppe junger M\u00e4nner, die aufgeschlossen f\u00fcr die sportlichen Bestrebungen der damaligen Zeit, voll Begeisterung Tatenkraft und Freude den Idealen des Turnens zollten, zusammen und besuchten ein Turnfest in Butzbach. Die jungen Kirch-G\u00f6nser M\u00e4nner, die wohl vom Geist des Turnvaters Jahn beseelt waren, machten sich nach dem Abturnen &#8230; <a title=\"130 JAHRE TV KIRCH-G\u00d6NS\" class=\"read-more\" href=\"http:\/\/875jahrekirchgoens.de\/?p=14765\" aria-label=\"Mehr Informationen \u00fcber 130 JAHRE TV KIRCH-G\u00d6NS\">Weiterlesen<\/a><\/p>\n","protected":false},"author":1,"featured_media":0,"comment_status":"closed","ping_status":"open","sticky":false,"template":"","format":"standard","meta":{"footnotes":""},"categories":[1],"tags":[],"class_list":["post-14765","post","type-post","status-publish","format-standard","hentry","category-infos"],"_links":{"self":[{"href":"http:\/\/875jahrekirchgoens.de\/index.php?rest_route=\/wp\/v2\/posts\/14765","targetHints":{"allow":["GET"]}}],"collection":[{"href":"http:\/\/875jahrekirchgoens.de\/index.php?rest_route=\/wp\/v2\/posts"}],"about":[{"href":"http:\/\/875jahrekirchgoens.de\/index.php?rest_route=\/wp\/v2\/types\/post"}],"author":[{"embeddable":true,"href":"http:\/\/875jahrekirchgoens.de\/index.php?rest_route=\/wp\/v2\/users\/1"}],"replies":[{"embeddable":true,"href":"http:\/\/875jahrekirchgoens.de\/index.php?rest_route=%2Fwp%2Fv2%2Fcomments&post=14765"}],"version-history":[{"count":1,"href":"http:\/\/875jahrekirchgoens.de\/index.php?rest_route=\/wp\/v2\/posts\/14765\/revisions"}],"predecessor-version":[{"id":14767,"href":"http:\/\/875jahrekirchgoens.de\/index.php?rest_route=\/wp\/v2\/posts\/14765\/revisions\/14767"}],"wp:attachment":[{"href":"http:\/\/875jahrekirchgoens.de\/index.php?rest_route=%2Fwp%2Fv2%2Fmedia&parent=14765"}],"wp:term":[{"taxonomy":"category","embeddable":true,"href":"http:\/\/875jahrekirchgoens.de\/index.php?rest_route=%2Fwp%2Fv2%2Fcategories&post=14765"},{"taxonomy":"post_tag","embeddable":true,"href":"http:\/\/875jahrekirchgoens.de\/index.php?rest_route=%2Fwp%2Fv2%2Ftags&post=14765"}],"curies":[{"name":"wp","href":"https:\/\/api.w.org\/{rel}","templated":true}]}}