{"id":14775,"date":"2020-02-09T20:39:00","date_gmt":"2020-02-09T20:39:00","guid":{"rendered":"http:\/\/875jahrekirchgoens.de\/?p=14775"},"modified":"2024-02-03T20:40:34","modified_gmt":"2024-02-03T20:40:34","slug":"kappenabend-in-kirch-goens-5","status":"publish","type":"post","link":"http:\/\/875jahrekirchgoens.de\/?p=14775","title":{"rendered":"Kappenabend in Kirch-G\u00f6ns"},"content":{"rendered":"\n<p>Eine hervorragende Stimmung herrschte in der Sch\u00fctzenhalle Kirch-G\u00f6ns am Samstagabend beim gemeinsamen Kappenabend des Sch\u00fctzen- und Turnvereins. Nach der Begr\u00fc\u00dfung des Moderators Rolf Hillefeld erlebten die G\u00e4ste ein kurzweiliges, etwa dreist\u00fcndiges Programm aus Auff\u00fchrungen und Tanz. Viel Applaus und Anerkennung f\u00fcr die Karnevalisten folgten vom Publikum. Er\u00f6ffnet wurde die Veranstaltung vom Pohl-G\u00f6nser B\u00fcttenredner Fabio Schwenz mit seinem Vortrag \u00fcber so allerlei famili\u00e4res Geschehen. Der Jung-Karnevalist (im dritten Lehrjahr) \u00fcberzeugte gekonnt mit seinem Auftritt. Die Mittlere Garde des Faschingsvereins Pohl-G\u00f6ns \u2013 unter der Leitung von Michelle Herbel und Anne Morkel \u2013 zeigten gekonnt einen Gardetanz und streichten viel Lob ein. Eine Zugabe der jungen Damen blieb nicht aus. Eine B\u00fcttenrede vom Allerfeinsten legte William Thum aufs Parkett. Die G\u00e4ste am\u00fcsierten sich in der Rede von Thum k\u00f6stlich \u00fcber einige Pers\u00f6nlichkeiten aus dem Ort. Eine flotte Vorf\u00fchrung stellte die M\u00e4nnertanzgruppe aus Leihgestern \u201eDie Schobbedales\u201c mit ihrem ABBA-Tanz auf, die nicht um eine Zugabe herumkamen. Die Wellen schwappten hoch, als sich die M\u00e4nnertruppe mit freiem Oberk\u00f6rper pr\u00e4sentierte. Die Hoingkm\u00e4nner aus Ebersg\u00f6ns gl\u00e4nzten mit ihrem Auftritt zu \u201eModern Talking\u201c. Gekonnt zeigten die in schwarzen und wei\u00dfen Anz\u00fcgen gekleideten T\u00e4nzer, mit zwei Security-Begleitern, ihre Darbietung. Zur Pr\u00e4mierung der besten Kapp konnte sich die Jury beider Vereine nicht einigen und lie\u00df das Publikum entscheiden. Die Auserw\u00e4hlten besten Huttr\u00e4ger, die auf die B\u00fchne gerufen wurden, waren im einzelnen Jessica Schneidt, eine Abordnung der zweiten Damen-Mannschaft der HSG Kirch-\/Pohl-G\u00f6ns\/Butzbach und Sebastian Hankel. Schneidt \u00fcberzeugte mit ihrem tollen Kopfschmuck (Hasenohren) die abstimmenden Anwesenden und empfing einen Geschenkgutschein. Das Programm beendete die heimische TV-Tanzgruppe \u201eMibdance\u201c, unter der Leitung von Tina und Lara Ceh, zu dem Thema \u201eSuper Mario\u201c. Mit dem Auftritt von Super Mario, dem Bowser, Peach und vielen Luigi\u00b4s rundeten diese den Abend stimmungsvoll ab. Sie brachten Schwung, gute Laune und eine tolle Choreographie auf die B\u00fchne. Nach der anschlie\u00dfenden Polon\u00e4se bedankte sich der Morderator Rolf Billefeld bei den sechsundvierzig Aktiven sowie allen Helfern, die bis dahin zum Gelingen der Feier beigetragen hatten und gab die B\u00fchne frei zum Tanz, wozu DJ Janek bis in die fr\u00fchen Morgenstunden einheizte.<\/p>\n\n\n\n<p>Quelle und Bilder: TV Kirch-G\u00f6ns vom 9. Februar 2020<\/p>\n\n\n\n<figure class=\"wp-block-gallery has-nested-images columns-default is-cropped wp-block-gallery-1 is-layout-flex wp-block-gallery-is-layout-flex\">\n<figure class=\"wp-block-image size-large\"><img loading=\"lazy\" decoding=\"async\" width=\"513\" height=\"342\" data-id=\"14774\" src=\"http:\/\/875jahrekirchgoens.de\/wp-content\/uploads\/2024\/02\/mib2020-Bild1.jpg\" alt=\"\" class=\"wp-image-14774\" srcset=\"http:\/\/875jahrekirchgoens.de\/wp-content\/uploads\/2024\/02\/mib2020-Bild1.jpg 513w, http:\/\/875jahrekirchgoens.de\/wp-content\/uploads\/2024\/02\/mib2020-Bild1-300x200.jpg 300w\" sizes=\"auto, (max-width: 513px) 100vw, 513px\" \/><figcaption class=\"wp-element-caption\">MIB-Dance Kirch-G\u00f6ns<\/figcaption><\/figure>\n\n\n\n<figure class=\"wp-block-image size-large\"><img loading=\"lazy\" decoding=\"async\" width=\"243\" height=\"162\" data-id=\"14773\" src=\"http:\/\/875jahrekirchgoens.de\/wp-content\/uploads\/2024\/02\/mib-2020-Bild4.jpg\" alt=\"\" class=\"wp-image-14773\"\/><figcaption class=\"wp-element-caption\">Schoppedales Leihgestern<\/figcaption><\/figure>\n\n\n\n<figure class=\"wp-block-image size-large\"><img loading=\"lazy\" decoding=\"async\" width=\"243\" height=\"162\" data-id=\"14772\" src=\"http:\/\/875jahrekirchgoens.de\/wp-content\/uploads\/2024\/02\/mib-2020-Bild3.jpg\" alt=\"\" class=\"wp-image-14772\"\/><figcaption class=\"wp-element-caption\">Hoingkm\u00e4nner Ebersg\u00f6ns<\/figcaption><\/figure>\n\n\n\n<figure class=\"wp-block-image size-large\"><img loading=\"lazy\" decoding=\"async\" width=\"225\" height=\"150\" data-id=\"14771\" src=\"http:\/\/875jahrekirchgoens.de\/wp-content\/uploads\/2024\/02\/mib2020-Bild2.jpg\" alt=\"\" class=\"wp-image-14771\"\/><figcaption class=\"wp-element-caption\">Mittlere Garde des Fastenachstvereins Pohl-G\u00f6ns<\/figcaption><\/figure>\n<\/figure>\n","protected":false},"excerpt":{"rendered":"<p>Eine hervorragende Stimmung herrschte in der Sch\u00fctzenhalle Kirch-G\u00f6ns am Samstagabend beim gemeinsamen Kappenabend des Sch\u00fctzen- und Turnvereins. Nach der Begr\u00fc\u00dfung des Moderators Rolf Hillefeld erlebten die G\u00e4ste ein kurzweiliges, etwa dreist\u00fcndiges Programm aus Auff\u00fchrungen und Tanz. Viel Applaus und Anerkennung f\u00fcr die Karnevalisten folgten vom Publikum. Er\u00f6ffnet wurde die Veranstaltung vom Pohl-G\u00f6nser B\u00fcttenredner Fabio Schwenz &#8230; <a title=\"Kappenabend in Kirch-G\u00f6ns\" class=\"read-more\" href=\"http:\/\/875jahrekirchgoens.de\/?p=14775\" aria-label=\"Mehr Informationen \u00fcber Kappenabend in Kirch-G\u00f6ns\">Weiterlesen<\/a><\/p>\n","protected":false},"author":1,"featured_media":0,"comment_status":"closed","ping_status":"open","sticky":false,"template":"","format":"standard","meta":{"footnotes":""},"categories":[1],"tags":[],"class_list":["post-14775","post","type-post","status-publish","format-standard","hentry","category-infos"],"_links":{"self":[{"href":"http:\/\/875jahrekirchgoens.de\/index.php?rest_route=\/wp\/v2\/posts\/14775","targetHints":{"allow":["GET"]}}],"collection":[{"href":"http:\/\/875jahrekirchgoens.de\/index.php?rest_route=\/wp\/v2\/posts"}],"about":[{"href":"http:\/\/875jahrekirchgoens.de\/index.php?rest_route=\/wp\/v2\/types\/post"}],"author":[{"embeddable":true,"href":"http:\/\/875jahrekirchgoens.de\/index.php?rest_route=\/wp\/v2\/users\/1"}],"replies":[{"embeddable":true,"href":"http:\/\/875jahrekirchgoens.de\/index.php?rest_route=%2Fwp%2Fv2%2Fcomments&post=14775"}],"version-history":[{"count":1,"href":"http:\/\/875jahrekirchgoens.de\/index.php?rest_route=\/wp\/v2\/posts\/14775\/revisions"}],"predecessor-version":[{"id":14776,"href":"http:\/\/875jahrekirchgoens.de\/index.php?rest_route=\/wp\/v2\/posts\/14775\/revisions\/14776"}],"wp:attachment":[{"href":"http:\/\/875jahrekirchgoens.de\/index.php?rest_route=%2Fwp%2Fv2%2Fmedia&parent=14775"}],"wp:term":[{"taxonomy":"category","embeddable":true,"href":"http:\/\/875jahrekirchgoens.de\/index.php?rest_route=%2Fwp%2Fv2%2Fcategories&post=14775"},{"taxonomy":"post_tag","embeddable":true,"href":"http:\/\/875jahrekirchgoens.de\/index.php?rest_route=%2Fwp%2Fv2%2Ftags&post=14775"}],"curies":[{"name":"wp","href":"https:\/\/api.w.org\/{rel}","templated":true}]}}