{"id":14777,"date":"2020-11-01T20:40:00","date_gmt":"2020-11-01T20:40:00","guid":{"rendered":"http:\/\/875jahrekirchgoens.de\/?p=14777"},"modified":"2024-02-03T20:41:03","modified_gmt":"2024-02-03T20:41:03","slug":"tv-kirch-goens-vertagt-mitgliederversammlung","status":"publish","type":"post","link":"http:\/\/875jahrekirchgoens.de\/?p=14777","title":{"rendered":"TV Kirch-G\u00f6ns vertagt Mitgliederversammlung"},"content":{"rendered":"\n<p>Auf Grund der anhaltenden Pandemie legte der Vorstand des TV Vorw\u00e4rts 1891 Kirch-G\u00f6ns e. V. in seiner letzten Vorstandsitzung im September 2020 fest, dass die bereits in diesem Jahr verschobene Mitgliederversammlung (30. April) nicht mehr in 2020 stattfinden wird. Mit dem Amtsgericht Friedberg wurde vereinbart, dass die Jahreshauptversammlung zum Gesch\u00e4ftsjahr 2019 im kommenden Jahr abgehalten wird. Die Kassenpr\u00fcfung f\u00fcr 2019 ist bereits erfolgt. Vereinsvorsitzender Thorsten Metz teilte gegen\u00fcber der BZ mit, dass \u201ewir verantwortungsvoll mit unseren Mitgliedern umgehen und es nicht f\u00fcr sinnvoll halten, eine Versammlung unter den bekannten Umst\u00e4nden durchzuf\u00fchren\u201c. Der bisherige Vorstand bleibt bis auf weiteres im Amt. Die diesj\u00e4hrigen Ehrungen m\u00f6chte man jedoch durchf\u00fchren und die entsprechenden Gratulanten werden kontaktiert, damit Anerkennungen \u00fcbergeben werden k\u00f6nnen.<br>Ferner teilte Metz mit, dass die f\u00fcr Anfang Dezember geplante Kinder-Nikolausfeier mit dem Nachbarverein TV Pohl-G\u00f6ns in der Turnhalle der GGS ebenfalls ausfallen wird, wie auch der diesj\u00e4hrige Weihnachtsmarkt und der n\u00e4chstj\u00e4hrige Kappenabend sowie Kinderfasching. Inwieweit die \u201e1. Mai-Feier\u201c bzw. das 130j\u00e4hrige Vereinsjubil\u00e4um im kommenden Jahr veranstaltet wird, kann zum aktuellen Zeitpunkt noch nicht festgelegt werden.<\/p>\n\n\n\n<p>Quelle: TV Kirch-G\u00f6ns vom 1. November 2020<\/p>\n","protected":false},"excerpt":{"rendered":"<p>Auf Grund der anhaltenden Pandemie legte der Vorstand des TV Vorw\u00e4rts 1891 Kirch-G\u00f6ns e. V. in seiner letzten Vorstandsitzung im September 2020 fest, dass die bereits in diesem Jahr verschobene Mitgliederversammlung (30. April) nicht mehr in 2020 stattfinden wird. Mit dem Amtsgericht Friedberg wurde vereinbart, dass die Jahreshauptversammlung zum Gesch\u00e4ftsjahr 2019 im kommenden Jahr abgehalten &#8230; <a title=\"TV Kirch-G\u00f6ns vertagt Mitgliederversammlung\" class=\"read-more\" href=\"http:\/\/875jahrekirchgoens.de\/?p=14777\" aria-label=\"Mehr Informationen \u00fcber TV Kirch-G\u00f6ns vertagt Mitgliederversammlung\">Weiterlesen<\/a><\/p>\n","protected":false},"author":1,"featured_media":0,"comment_status":"closed","ping_status":"open","sticky":false,"template":"","format":"standard","meta":{"footnotes":""},"categories":[1],"tags":[],"class_list":["post-14777","post","type-post","status-publish","format-standard","hentry","category-infos"],"_links":{"self":[{"href":"http:\/\/875jahrekirchgoens.de\/index.php?rest_route=\/wp\/v2\/posts\/14777","targetHints":{"allow":["GET"]}}],"collection":[{"href":"http:\/\/875jahrekirchgoens.de\/index.php?rest_route=\/wp\/v2\/posts"}],"about":[{"href":"http:\/\/875jahrekirchgoens.de\/index.php?rest_route=\/wp\/v2\/types\/post"}],"author":[{"embeddable":true,"href":"http:\/\/875jahrekirchgoens.de\/index.php?rest_route=\/wp\/v2\/users\/1"}],"replies":[{"embeddable":true,"href":"http:\/\/875jahrekirchgoens.de\/index.php?rest_route=%2Fwp%2Fv2%2Fcomments&post=14777"}],"version-history":[{"count":1,"href":"http:\/\/875jahrekirchgoens.de\/index.php?rest_route=\/wp\/v2\/posts\/14777\/revisions"}],"predecessor-version":[{"id":14778,"href":"http:\/\/875jahrekirchgoens.de\/index.php?rest_route=\/wp\/v2\/posts\/14777\/revisions\/14778"}],"wp:attachment":[{"href":"http:\/\/875jahrekirchgoens.de\/index.php?rest_route=%2Fwp%2Fv2%2Fmedia&parent=14777"}],"wp:term":[{"taxonomy":"category","embeddable":true,"href":"http:\/\/875jahrekirchgoens.de\/index.php?rest_route=%2Fwp%2Fv2%2Fcategories&post=14777"},{"taxonomy":"post_tag","embeddable":true,"href":"http:\/\/875jahrekirchgoens.de\/index.php?rest_route=%2Fwp%2Fv2%2Ftags&post=14777"}],"curies":[{"name":"wp","href":"https:\/\/api.w.org\/{rel}","templated":true}]}}