{"id":14781,"date":"2019-02-17T20:46:00","date_gmt":"2019-02-17T20:46:00","guid":{"rendered":"http:\/\/875jahrekirchgoens.de\/?p=14781"},"modified":"2024-02-03T20:48:59","modified_gmt":"2024-02-03T20:48:59","slug":"kappenabend-in-kirch-goens-6","status":"publish","type":"post","link":"http:\/\/875jahrekirchgoens.de\/?p=14781","title":{"rendered":"Kappenabend in Kirch-G\u00f6ns"},"content":{"rendered":"\n<p>Eine pr\u00e4chtige Stimmung herrschte in der Sch\u00fctzenhalle Kirch-G\u00f6ns am Samstagabend beim gemeinsamen Kappenabend des Sch\u00fctzen- und Turnvereins. Nach der Begr\u00fc\u00dfung der Vorsitzenden staunten die G\u00e4ste \u00fcber die K\u00fcnstler bei ihren T\u00e4nzen, Sketchen und Auff\u00fchrungen. Viel Applaus und Anerkennung f\u00fcr die Karnevalisten folgten vom Publikum. Frank Hankel und Thorsten Metz er\u00f6ffneten mit einem Sketch zum Thema \u201eWasser\u201c den Abend. Hiernach folgte der Pohl-G\u00f6nser Jung-B\u00fcttenredner Fabio Schwenz mit seinem Vortrag \u00fcber das d\u00f6rfliche Geschehen. Im Anschluss daran folgten die erstmals in Kirch-G\u00f6ns auftretende M\u00e4nnertanzgruppe des FFC Harmlos M\u00fcnster \u2013 die Chaos Girls \u2013 mit einem r\u00f6mischen Tanz, inkl. Asterix und einem echten Obelix, und verz\u00fcckten die Zuschauer mit ihrer Darbietung. Mit einem schwungvollen Auftritt als Bluesbrothers zeigten William Thum und Bj\u00f6rn Maas ihr K\u00f6nnen als B\u00fcttenredner auf. Die mittlere Garde des Faschingsvereins Pohl-G\u00f6ns \u2013 unter der Leitung von Michelle Herbel und Anne Morkel \u2013 zeigten gekonnt eine t\u00e4nzerische Darbietung und streichten viel Lob ein. Einen flotten Tanz stellte die M\u00e4nnertanzgruppe aus Leihgestern \u201eLos Cinturos\u201c mit ihrem Army-Tanz auf. Die Wellen schwappten hoch, als sich die M\u00e4nnertruppe mit freiem Oberk\u00f6rper pr\u00e4sentierte. Zur Pr\u00e4mierung der besten Kapp wurde Dirk Fischer auf die B\u00fchne gerufen. Fischer \u00fcberzeugte mit einem Schweinchenkost\u00fcm die Jury beider Vereine. Das Programm beendete die heimische Tanzgruppe des TV \u201eMibdance\u201c, unter der Leitung von Tina und Lara Ceh, zu dem Thema \u201eKino Kino\u201c mit einem Potpourri aus bekannten Filmen. Sie brachten Schwung, gute Laune und eine tolle Choreographie auf die B\u00fchne. Nach der anschlie\u00dfenden Polon\u00e4se bedankten sich M\u00fcller und Metz bei den sechsundrei\u00dfig Aktiven sowie allen Helfern, die bis dahin zum Gelingen der Feier beigetragen hatten und gaben die B\u00fchne frei zum Tanz, wozu DJ Janek bis in die fr\u00fchen Morgenstunden einheizte.<\/p>\n\n\n\n<p>Quelle und Bilder: TV Kirch-G\u00f6ns vom 17. Februar 2019<\/p>\n\n\n\n<figure class=\"wp-block-gallery has-nested-images columns-default is-cropped wp-block-gallery-1 is-layout-flex wp-block-gallery-is-layout-flex\">\n<figure class=\"wp-block-image size-large\"><img loading=\"lazy\" decoding=\"async\" width=\"284\" height=\"190\" data-id=\"14782\" src=\"http:\/\/875jahrekirchgoens.de\/wp-content\/uploads\/2024\/02\/Kappe-2019-Bild1.jpg\" alt=\"\" class=\"wp-image-14782\"\/><figcaption class=\"wp-element-caption\">Die Schobbedales aus Leihgestern<\/figcaption><\/figure>\n\n\n\n<figure class=\"wp-block-image size-large\"><img loading=\"lazy\" decoding=\"async\" width=\"284\" height=\"190\" data-id=\"14783\" src=\"http:\/\/875jahrekirchgoens.de\/wp-content\/uploads\/2024\/02\/Kappe-2019-Bild2.jpg\" alt=\"\" class=\"wp-image-14783\"\/><figcaption class=\"wp-element-caption\">MIB-Dance aus Kirch-G\u00f6ns<\/figcaption><\/figure>\n\n\n\n<figure class=\"wp-block-image size-large\"><img loading=\"lazy\" decoding=\"async\" width=\"281\" height=\"188\" data-id=\"14784\" src=\"http:\/\/875jahrekirchgoens.de\/wp-content\/uploads\/2024\/02\/Kappe-2019-Bild3.jpg\" alt=\"\" class=\"wp-image-14784\"\/><figcaption class=\"wp-element-caption\">William Thum (l.) und Bj\u00f6rn Maas (r.) bei ihrem Auftritt<\/figcaption><\/figure>\n\n\n\n<figure class=\"wp-block-image size-large\"><img loading=\"lazy\" decoding=\"async\" width=\"274\" height=\"183\" data-id=\"14785\" src=\"http:\/\/875jahrekirchgoens.de\/wp-content\/uploads\/2024\/02\/Kappe-2019-Bild4.jpg\" alt=\"\" class=\"wp-image-14785\"\/><figcaption class=\"wp-element-caption\">Fabio Schwenz bei seiner B\u00fcttenrede<\/figcaption><\/figure>\n<\/figure>\n","protected":false},"excerpt":{"rendered":"<p>Eine pr\u00e4chtige Stimmung herrschte in der Sch\u00fctzenhalle Kirch-G\u00f6ns am Samstagabend beim gemeinsamen Kappenabend des Sch\u00fctzen- und Turnvereins. Nach der Begr\u00fc\u00dfung der Vorsitzenden staunten die G\u00e4ste \u00fcber die K\u00fcnstler bei ihren T\u00e4nzen, Sketchen und Auff\u00fchrungen. Viel Applaus und Anerkennung f\u00fcr die Karnevalisten folgten vom Publikum. Frank Hankel und Thorsten Metz er\u00f6ffneten mit einem Sketch zum Thema &#8230; <a title=\"Kappenabend in Kirch-G\u00f6ns\" class=\"read-more\" href=\"http:\/\/875jahrekirchgoens.de\/?p=14781\" aria-label=\"Mehr Informationen \u00fcber Kappenabend in Kirch-G\u00f6ns\">Weiterlesen<\/a><\/p>\n","protected":false},"author":1,"featured_media":0,"comment_status":"closed","ping_status":"open","sticky":false,"template":"","format":"standard","meta":{"footnotes":""},"categories":[1],"tags":[],"class_list":["post-14781","post","type-post","status-publish","format-standard","hentry","category-infos"],"_links":{"self":[{"href":"http:\/\/875jahrekirchgoens.de\/index.php?rest_route=\/wp\/v2\/posts\/14781","targetHints":{"allow":["GET"]}}],"collection":[{"href":"http:\/\/875jahrekirchgoens.de\/index.php?rest_route=\/wp\/v2\/posts"}],"about":[{"href":"http:\/\/875jahrekirchgoens.de\/index.php?rest_route=\/wp\/v2\/types\/post"}],"author":[{"embeddable":true,"href":"http:\/\/875jahrekirchgoens.de\/index.php?rest_route=\/wp\/v2\/users\/1"}],"replies":[{"embeddable":true,"href":"http:\/\/875jahrekirchgoens.de\/index.php?rest_route=%2Fwp%2Fv2%2Fcomments&post=14781"}],"version-history":[{"count":1,"href":"http:\/\/875jahrekirchgoens.de\/index.php?rest_route=\/wp\/v2\/posts\/14781\/revisions"}],"predecessor-version":[{"id":14786,"href":"http:\/\/875jahrekirchgoens.de\/index.php?rest_route=\/wp\/v2\/posts\/14781\/revisions\/14786"}],"wp:attachment":[{"href":"http:\/\/875jahrekirchgoens.de\/index.php?rest_route=%2Fwp%2Fv2%2Fmedia&parent=14781"}],"wp:term":[{"taxonomy":"category","embeddable":true,"href":"http:\/\/875jahrekirchgoens.de\/index.php?rest_route=%2Fwp%2Fv2%2Fcategories&post=14781"},{"taxonomy":"post_tag","embeddable":true,"href":"http:\/\/875jahrekirchgoens.de\/index.php?rest_route=%2Fwp%2Fv2%2Ftags&post=14781"}],"curies":[{"name":"wp","href":"https:\/\/api.w.org\/{rel}","templated":true}]}}