{"id":14787,"date":"2019-04-24T20:49:00","date_gmt":"2019-04-24T20:49:00","guid":{"rendered":"http:\/\/875jahrekirchgoens.de\/?p=14787"},"modified":"2024-02-03T20:49:36","modified_gmt":"2024-02-03T20:49:36","slug":"1-mai-feier-des-tv-kirch-goens","status":"publish","type":"post","link":"http:\/\/875jahrekirchgoens.de\/?p=14787","title":{"rendered":"1.-Mai-Feier des TV Kirch-G\u00f6ns"},"content":{"rendered":"\n<p>Am Mittwoch, 1. Mai 2019, findet zum f\u00fcnfzehnten Mal die traditionelle 1. Mai-Feier des Turnverein Vorw\u00e4rts 1891 Kirch-G\u00f6ns e. V. auf dem Sportplatzgel\u00e4nde in Kirch-G\u00f6ns statt. Ab 11.00 Uhr bietet unter anderem die Bogenschie\u00df-Abteilung des Pohl-G\u00f6nser Sch\u00fctzenverein einen Schnupperkurs f\u00fcr Interessierte an. Den G\u00e4sten stehen unter anderem Grillspezialit\u00e4ten, gepflegte und gek\u00fchlte Biere vom Fass sowie eine Auswahl an alkoholfreien Getr\u00e4nken zur Verf\u00fcgung. F\u00fcr Kaffee und Kuchen wird am Nachmittag gesorgt sein. Neben einer Rutschbahn f\u00fcr die Kleinsten der Kleinen, einer H\u00fcpfburg und Kinder-Face-Painting wird noch ein Gewinnspiel angeboten. Zum Nachmittag hat sich der Kirch-G\u00f6nser Musikzug f\u00fcr eine musikalische Darbietung angemeldet. Der TV l\u00e4dt hierzu die gesamte Bev\u00f6lkerung ein und hofft auf gutes Wetter, damit auch wieder die Wanderer und Radfahrer einen Abstecher nach Kirch-G\u00f6ns machen.<\/p>\n\n\n\n<p>Quelle: TV Kirch-G\u00f6ns vom 24. April 2019<\/p>\n","protected":false},"excerpt":{"rendered":"<p>Am Mittwoch, 1. Mai 2019, findet zum f\u00fcnfzehnten Mal die traditionelle 1. Mai-Feier des Turnverein Vorw\u00e4rts 1891 Kirch-G\u00f6ns e. V. auf dem Sportplatzgel\u00e4nde in Kirch-G\u00f6ns statt. Ab 11.00 Uhr bietet unter anderem die Bogenschie\u00df-Abteilung des Pohl-G\u00f6nser Sch\u00fctzenverein einen Schnupperkurs f\u00fcr Interessierte an. Den G\u00e4sten stehen unter anderem Grillspezialit\u00e4ten, gepflegte und gek\u00fchlte Biere vom Fass sowie &#8230; <a title=\"1.-Mai-Feier des TV Kirch-G\u00f6ns\" class=\"read-more\" href=\"http:\/\/875jahrekirchgoens.de\/?p=14787\" aria-label=\"Mehr Informationen \u00fcber 1.-Mai-Feier des TV Kirch-G\u00f6ns\">Weiterlesen<\/a><\/p>\n","protected":false},"author":1,"featured_media":0,"comment_status":"closed","ping_status":"open","sticky":false,"template":"","format":"standard","meta":{"footnotes":""},"categories":[1],"tags":[],"class_list":["post-14787","post","type-post","status-publish","format-standard","hentry","category-infos"],"_links":{"self":[{"href":"http:\/\/875jahrekirchgoens.de\/index.php?rest_route=\/wp\/v2\/posts\/14787","targetHints":{"allow":["GET"]}}],"collection":[{"href":"http:\/\/875jahrekirchgoens.de\/index.php?rest_route=\/wp\/v2\/posts"}],"about":[{"href":"http:\/\/875jahrekirchgoens.de\/index.php?rest_route=\/wp\/v2\/types\/post"}],"author":[{"embeddable":true,"href":"http:\/\/875jahrekirchgoens.de\/index.php?rest_route=\/wp\/v2\/users\/1"}],"replies":[{"embeddable":true,"href":"http:\/\/875jahrekirchgoens.de\/index.php?rest_route=%2Fwp%2Fv2%2Fcomments&post=14787"}],"version-history":[{"count":1,"href":"http:\/\/875jahrekirchgoens.de\/index.php?rest_route=\/wp\/v2\/posts\/14787\/revisions"}],"predecessor-version":[{"id":14788,"href":"http:\/\/875jahrekirchgoens.de\/index.php?rest_route=\/wp\/v2\/posts\/14787\/revisions\/14788"}],"wp:attachment":[{"href":"http:\/\/875jahrekirchgoens.de\/index.php?rest_route=%2Fwp%2Fv2%2Fmedia&parent=14787"}],"wp:term":[{"taxonomy":"category","embeddable":true,"href":"http:\/\/875jahrekirchgoens.de\/index.php?rest_route=%2Fwp%2Fv2%2Fcategories&post=14787"},{"taxonomy":"post_tag","embeddable":true,"href":"http:\/\/875jahrekirchgoens.de\/index.php?rest_route=%2Fwp%2Fv2%2Ftags&post=14787"}],"curies":[{"name":"wp","href":"https:\/\/api.w.org\/{rel}","templated":true}]}}