{"id":14799,"date":"2019-12-13T20:53:00","date_gmt":"2019-12-13T20:53:00","guid":{"rendered":"http:\/\/875jahrekirchgoens.de\/?p=14799"},"modified":"2024-02-03T20:59:21","modified_gmt":"2024-02-03T20:59:21","slug":"nikolausfeier-des-tv-kirch-pohl-goens-2019","status":"publish","type":"post","link":"http:\/\/875jahrekirchgoens.de\/?p=14799","title":{"rendered":"Nikolausfeier des TV Kirch-\/Pohl-G\u00f6ns 2019"},"content":{"rendered":"\n<p>(Mz.) Pr\u00e4chtige Stimmung herrschte bei der diesj\u00e4hrigen Kinder-Nikolausfeier der Turnvereine Kirch- und Pohl-G\u00f6ns am vergangenen Samstagnachmittag in der Sporthalle der GGS Kirch-\/Pohl-G\u00f6ns. Vor vielen Eltern und Verwandten zeigten die \u201eJ\u00fcngsten der J\u00fcngsten\u201c beider Turnvereine eine tolle Vorf\u00fchrung zu dem Thema Beachparty. Nach der Begr\u00fc\u00dfung durch den Vorsitzenden des TV Pohl-G\u00f6ns wurde die vorweihnachtliche Turnstunde mit der Tanzgruppe \u201ePower Kids\u201c er\u00f6ffnet. Die sechs bis zehnj\u00e4hrigen M\u00e4dchen unter der Leitung von Nea und Bianca Drullmann sowie Julia Gallus sorgten mit ihrem Beachtanz im Hawaii-Outfit f\u00fcr viel Bewunderung und eine Zugabe blieb nicht aus. Die Turngruppe der vier bis sechsj\u00e4hrigen f\u00fchrten mit den \u00dcbungsleiterinnen Nina M\u00fcller und Anika Ronde-Pschierer zeigten mit dem Thema \u201eIm Saueschritt an den Strand\u201c tolle Leistungen. Krankheitsbedingt konnte \u00dcbungsleiterin Katharina Hankel hier nicht teilnehmen. Beim Eltern-Kind-Turnen der eineinhalb bis dreij\u00e4hrigen wurde mit den \u00dcbungsleitern Jan Gehling und Katharina Maas sowie den Eltern ein Parcours mit vielen Turnmatten gemeistert. Die neu gegr\u00fcndete Judoka-Abteilung des TV Pohl-G\u00f6ns stellte sich mit den \u00dcbungsleitern Alaa Tello und Volker Auer vor. Verschiedene faire k\u00f6rperliche Auseinandersetzungen zeigten die Kids in ihren Judo-Anz\u00fcgen. Wesentliche Elemente des Judo-Sports wie Werfen und Fallen, Festhalten und Befreien am Boden wurden vorgef\u00fchrt. Im Anschluss daran folgte die Turngruppe der sechs- bis zehnj\u00e4hrigen von Alaa Tello, die mit der Vorf\u00fchrung unter dem Motto Laugh and Dance begeisterten. Danach folgten die \u201ePower Kids\u201c mit einem stimmungsvollen Indianertanz. Die Sportakrobaten des TV Pohl-G\u00f6ns konnten an dem Event nicht teilnehmen, da die Akrobatinnen mit ihrer \u00dcbungsleiterin Martina Volk an einem Leistungswettkampf in Mainz teilnahmen. Zum Abschluss der Veranstaltung begr\u00fc\u00dften die Kids den Nikolaus (Thorsten Metz) und sein Engelchen (Katharina Maa\u00df). Nach einem Nikolausgedicht von Amy Diehl und gemeinsamen Gesang aller Kinder zu \u201eOh Tannenbaum\u201c wurden kleine Pr\u00e4sente verteilt. Gro\u00dfen Dank sprachen die Vorstandsvorsitzenden J\u00fcrgen Ratz und Thorsten Metz beider Turnvereine nochmals allen Kuchenspendern, Helfern und \u00dcbungsleitern f\u00fcr Ihr Engagement aus und w\u00fcnschten ein besinnliches Weihnachtsfest und frohes, gesundes neues Jahr.<\/p>\n\n\n\n<p>Quelle und Bilder: TV Kirch-G\u00f6ns vom 13. Dezember 2019<\/p>\n\n\n\n<figure class=\"wp-block-gallery has-nested-images columns-default is-cropped wp-block-gallery-1 is-layout-flex wp-block-gallery-is-layout-flex\">\n<figure class=\"wp-block-image size-large\"><img loading=\"lazy\" decoding=\"async\" width=\"164\" height=\"135\" data-id=\"14800\" src=\"http:\/\/875jahrekirchgoens.de\/wp-content\/uploads\/2024\/02\/Niko-2019-Bild1.jpg\" alt=\"\" class=\"wp-image-14800\"\/><\/figure>\n\n\n\n<figure class=\"wp-block-image size-large\"><img loading=\"lazy\" decoding=\"async\" width=\"196\" height=\"146\" data-id=\"14801\" src=\"http:\/\/875jahrekirchgoens.de\/wp-content\/uploads\/2024\/02\/Niko-2019-Bild2.jpg\" alt=\"\" class=\"wp-image-14801\"\/><\/figure>\n\n\n\n<figure class=\"wp-block-image size-large\"><img loading=\"lazy\" decoding=\"async\" width=\"248\" height=\"133\" data-id=\"14802\" src=\"http:\/\/875jahrekirchgoens.de\/wp-content\/uploads\/2024\/02\/Niko-2019-Bild3.jpg\" alt=\"\" class=\"wp-image-14802\"\/><\/figure>\n\n\n\n<figure class=\"wp-block-image size-large\"><img loading=\"lazy\" decoding=\"async\" width=\"153\" height=\"205\" data-id=\"14803\" src=\"http:\/\/875jahrekirchgoens.de\/wp-content\/uploads\/2024\/02\/Niko-2019-Bild4.jpg\" alt=\"\" class=\"wp-image-14803\"\/><\/figure>\n<\/figure>\n","protected":false},"excerpt":{"rendered":"<p>(Mz.) Pr\u00e4chtige Stimmung herrschte bei der diesj\u00e4hrigen Kinder-Nikolausfeier der Turnvereine Kirch- und Pohl-G\u00f6ns am vergangenen Samstagnachmittag in der Sporthalle der GGS Kirch-\/Pohl-G\u00f6ns. Vor vielen Eltern und Verwandten zeigten die \u201eJ\u00fcngsten der J\u00fcngsten\u201c beider Turnvereine eine tolle Vorf\u00fchrung zu dem Thema Beachparty. Nach der Begr\u00fc\u00dfung durch den Vorsitzenden des TV Pohl-G\u00f6ns wurde die vorweihnachtliche Turnstunde mit &#8230; <a title=\"Nikolausfeier des TV Kirch-\/Pohl-G\u00f6ns 2019\" class=\"read-more\" href=\"http:\/\/875jahrekirchgoens.de\/?p=14799\" aria-label=\"Mehr Informationen \u00fcber Nikolausfeier des TV Kirch-\/Pohl-G\u00f6ns 2019\">Weiterlesen<\/a><\/p>\n","protected":false},"author":1,"featured_media":0,"comment_status":"closed","ping_status":"open","sticky":false,"template":"","format":"standard","meta":{"footnotes":""},"categories":[1],"tags":[],"class_list":["post-14799","post","type-post","status-publish","format-standard","hentry","category-infos"],"_links":{"self":[{"href":"http:\/\/875jahrekirchgoens.de\/index.php?rest_route=\/wp\/v2\/posts\/14799","targetHints":{"allow":["GET"]}}],"collection":[{"href":"http:\/\/875jahrekirchgoens.de\/index.php?rest_route=\/wp\/v2\/posts"}],"about":[{"href":"http:\/\/875jahrekirchgoens.de\/index.php?rest_route=\/wp\/v2\/types\/post"}],"author":[{"embeddable":true,"href":"http:\/\/875jahrekirchgoens.de\/index.php?rest_route=\/wp\/v2\/users\/1"}],"replies":[{"embeddable":true,"href":"http:\/\/875jahrekirchgoens.de\/index.php?rest_route=%2Fwp%2Fv2%2Fcomments&post=14799"}],"version-history":[{"count":1,"href":"http:\/\/875jahrekirchgoens.de\/index.php?rest_route=\/wp\/v2\/posts\/14799\/revisions"}],"predecessor-version":[{"id":14804,"href":"http:\/\/875jahrekirchgoens.de\/index.php?rest_route=\/wp\/v2\/posts\/14799\/revisions\/14804"}],"wp:attachment":[{"href":"http:\/\/875jahrekirchgoens.de\/index.php?rest_route=%2Fwp%2Fv2%2Fmedia&parent=14799"}],"wp:term":[{"taxonomy":"category","embeddable":true,"href":"http:\/\/875jahrekirchgoens.de\/index.php?rest_route=%2Fwp%2Fv2%2Fcategories&post=14799"},{"taxonomy":"post_tag","embeddable":true,"href":"http:\/\/875jahrekirchgoens.de\/index.php?rest_route=%2Fwp%2Fv2%2Ftags&post=14799"}],"curies":[{"name":"wp","href":"https:\/\/api.w.org\/{rel}","templated":true}]}}