{"id":14810,"date":"2018-01-09T21:09:00","date_gmt":"2018-01-09T21:09:00","guid":{"rendered":"http:\/\/875jahrekirchgoens.de\/?p=14810"},"modified":"2024-02-03T21:11:03","modified_gmt":"2024-02-03T21:11:03","slug":"abschiedstournee-2018","status":"publish","type":"post","link":"http:\/\/875jahrekirchgoens.de\/?p=14810","title":{"rendered":"Abschiedstournee 2018"},"content":{"rendered":"\n<p><em>MIBdance sagt \u201eIt\u00b4s time to say Goodbye\u201c<\/em><\/p>\n\n\n\n<p>\u201eIt\u00b4s time to say goodbye\u201c, so k\u00fcndigt sich die Tanzformation MIBdance in diesem Jahr an. Die Unterabteilung des Turnvereins Vorw\u00e4rts 1891 Kirch-G\u00f6ns e. V. verabschiedet sich auf leisen Sohlen in der diesj\u00e4hrigen Faschingskampagne von der B\u00fchne. Nach fast zwanzigj\u00e4hrigen Auftritten, werden die Darsteller mit Ihren Darbietungen am Kirch-G\u00f6nser Kappenabend, Pohl-G\u00f6nser- und Niederkleener-Faschingssitzung Ihren Abschied einl\u00e4uten. Unter dem Motto \u201eJeder was er kann! \u2026 oder wie!\u201c probt die Gruppe seit Oktober 2017 f\u00fcr Ihre kurze Tournee und hofft auf regen Beifall von den Zuschauern. Mit neu ausgestatteten Kapuzenjacken&nbsp; stattete sich die Gruppe f\u00fcr die letzte Saison aus. Auf dem Bild fehlt Marco Reinhard.<\/p>\n\n\n\n<p>Quelle und Bild: TV Kirch-G\u00f6ns vom 9. Januar 2018<\/p>\n\n\n\n<figure class=\"wp-block-image size-full\"><img loading=\"lazy\" decoding=\"async\" width=\"300\" height=\"248\" src=\"http:\/\/875jahrekirchgoens.de\/wp-content\/uploads\/2024\/02\/Abschied-2018-Bild1.jpg\" alt=\"\" class=\"wp-image-14806\"\/><\/figure>\n","protected":false},"excerpt":{"rendered":"<p>MIBdance sagt \u201eIt\u00b4s time to say Goodbye\u201c \u201eIt\u00b4s time to say goodbye\u201c, so k\u00fcndigt sich die Tanzformation MIBdance in diesem Jahr an. Die Unterabteilung des Turnvereins Vorw\u00e4rts 1891 Kirch-G\u00f6ns e. V. verabschiedet sich auf leisen Sohlen in der diesj\u00e4hrigen Faschingskampagne von der B\u00fchne. Nach fast zwanzigj\u00e4hrigen Auftritten, werden die Darsteller mit Ihren Darbietungen am Kirch-G\u00f6nser &#8230; <a title=\"Abschiedstournee 2018\" class=\"read-more\" href=\"http:\/\/875jahrekirchgoens.de\/?p=14810\" aria-label=\"Mehr Informationen \u00fcber Abschiedstournee 2018\">Weiterlesen<\/a><\/p>\n","protected":false},"author":1,"featured_media":0,"comment_status":"closed","ping_status":"open","sticky":false,"template":"","format":"standard","meta":{"footnotes":""},"categories":[1],"tags":[],"class_list":["post-14810","post","type-post","status-publish","format-standard","hentry","category-infos"],"_links":{"self":[{"href":"http:\/\/875jahrekirchgoens.de\/index.php?rest_route=\/wp\/v2\/posts\/14810","targetHints":{"allow":["GET"]}}],"collection":[{"href":"http:\/\/875jahrekirchgoens.de\/index.php?rest_route=\/wp\/v2\/posts"}],"about":[{"href":"http:\/\/875jahrekirchgoens.de\/index.php?rest_route=\/wp\/v2\/types\/post"}],"author":[{"embeddable":true,"href":"http:\/\/875jahrekirchgoens.de\/index.php?rest_route=\/wp\/v2\/users\/1"}],"replies":[{"embeddable":true,"href":"http:\/\/875jahrekirchgoens.de\/index.php?rest_route=%2Fwp%2Fv2%2Fcomments&post=14810"}],"version-history":[{"count":2,"href":"http:\/\/875jahrekirchgoens.de\/index.php?rest_route=\/wp\/v2\/posts\/14810\/revisions"}],"predecessor-version":[{"id":14813,"href":"http:\/\/875jahrekirchgoens.de\/index.php?rest_route=\/wp\/v2\/posts\/14810\/revisions\/14813"}],"wp:attachment":[{"href":"http:\/\/875jahrekirchgoens.de\/index.php?rest_route=%2Fwp%2Fv2%2Fmedia&parent=14810"}],"wp:term":[{"taxonomy":"category","embeddable":true,"href":"http:\/\/875jahrekirchgoens.de\/index.php?rest_route=%2Fwp%2Fv2%2Fcategories&post=14810"},{"taxonomy":"post_tag","embeddable":true,"href":"http:\/\/875jahrekirchgoens.de\/index.php?rest_route=%2Fwp%2Fv2%2Ftags&post=14810"}],"curies":[{"name":"wp","href":"https:\/\/api.w.org\/{rel}","templated":true}]}}