{"id":14814,"date":"2018-03-29T21:11:00","date_gmt":"2018-03-29T21:11:00","guid":{"rendered":"http:\/\/875jahrekirchgoens.de\/?p=14814"},"modified":"2024-02-03T21:12:02","modified_gmt":"2024-02-03T21:12:02","slug":"syrischer-kriegsfluechtling-alaa-tello-in-vereinsarbeit-integriert","status":"publish","type":"post","link":"http:\/\/875jahrekirchgoens.de\/?p=14814","title":{"rendered":"Syrischer Kriegsfl\u00fcchtling Alaa Tello in Vereinsarbeit integriert"},"content":{"rendered":"\n<p>Am Freitagnachmittag fand im Rahmen des gemeinsamen Sportbetriebs von TV Kirch-G\u00f6ns und TV Pohl-G\u00f6ns eine besondere Ehrung durch die Vereinsvorsitzenden Thorsten Metz und J\u00fcrgen Ratz sowie die Turnabteilungsleiterin des TV Pohl-G\u00f6ns, Martina Volk, statt. Geehrt wurde der syrische Kriegsfl\u00fcchtling Alaa Tello (25), der die Pr\u00fcfung zum lizensierten \u00dcbungsleiter Breitensport f\u00fcr Kinder und Jugendliche bei der Hessischen Sportjugend in Wetzlar mit Erfolg abgelegt hat. Alaa Tello wurde nach der Aufnahme in Gie\u00dfen der Behelfsunterkunft in der Sporthalle der damaligen Mittelpunktschule \u201eOberer H\u00fcttenberg\u201c zugewiesen und machte hier vor circa zweieinhalb Jahren erstes Quartier in Deutschland. Danach fand er eine Wohnung in Kirch-G\u00f6ns und interessierte sich f\u00fcr den Sportbetrieb in den heimischen Vereinen. \u00dcber die Kontaktaufnahme mit Martina Volk ergab sich ein erstes \u00dcbungsstundenangebot im Vereinssport, weshalb die Vorst\u00e4nde ihm dann die Ausbildung zum \u00dcbungsleiter nahelegten und finanzierten. Tello spricht inzwischen flie\u00dfend Deutsch und zus\u00e4tzlich noch Englisch und Arabisch. Er ist schon lange fest in die Vereinsarbeit der Turnvereine integriert und steht bei Vereinsfesten stets als Helfer zur Verf\u00fcgung. Durch seine freundliche Art hat er seinen Bekanntenkreis st\u00e4ndig erweitern k\u00f6nnen. Zu seinem pers\u00f6nlichen Gl\u00fcck fehlt ihm nur noch ein Ausbildungsplatz, am liebsten im kaufm\u00e4nnischen Bereich. Sollte eine Firma im Wetteraukreis Interesse haben, so kann Kontakt \u00fcber die Vorsitzenden der Turnvereine aufgenommen werden. Nach erfolgreicher Lizensierung \u00fcbernimmt Tello nun die Kinderturnstunde der 6-10j\u00e4hrigen von Monika Langsdorf, die freitags von 15-16.30 Uhr stattfindet. Zus\u00e4tzlich unterst\u00fctzt er Petra Scioni anschlie\u00dfend in der Turnstunde der 4-6j\u00e4hrigen Kinder.<\/p>\n\n\n\n<p>Quelle und Bild: TV Kirch-G\u00f6ns vom 29. M\u00e4rz 2018<\/p>\n\n\n\n<figure class=\"wp-block-image size-full\"><img loading=\"lazy\" decoding=\"async\" width=\"300\" height=\"200\" src=\"http:\/\/875jahrekirchgoens.de\/wp-content\/uploads\/2024\/02\/Syrer-2018Bild1.jpg\" alt=\"\" class=\"wp-image-14809\"\/><figcaption class=\"wp-element-caption\">Mit einem Gutschein f\u00fcr Sportbekleidung und einem Weinpr\u00e4sent gratulierten die Vorsitzenden der Turnvereine Pohl-G\u00f6ns, J\u00fcrgen Ratz (l.) und Kirch-G\u00f6ns, Thorsten Metz (r.) sowie Abteilungsleiterin Martina Volk dem syrischen Kriegsfl\u00fcchtling Alaa Tello zur erfolgreich abgelegten Pr\u00fcfung als lizensierter \u00dcbungsleiter Breitensport f\u00fcr Kinder und Jugendliche im Landessportbund Hessen.<\/figcaption><\/figure>\n","protected":false},"excerpt":{"rendered":"<p>Am Freitagnachmittag fand im Rahmen des gemeinsamen Sportbetriebs von TV Kirch-G\u00f6ns und TV Pohl-G\u00f6ns eine besondere Ehrung durch die Vereinsvorsitzenden Thorsten Metz und J\u00fcrgen Ratz sowie die Turnabteilungsleiterin des TV Pohl-G\u00f6ns, Martina Volk, statt. Geehrt wurde der syrische Kriegsfl\u00fcchtling Alaa Tello (25), der die Pr\u00fcfung zum lizensierten \u00dcbungsleiter Breitensport f\u00fcr Kinder und Jugendliche bei der &#8230; <a title=\"Syrischer Kriegsfl\u00fcchtling Alaa Tello in Vereinsarbeit integriert\" class=\"read-more\" href=\"http:\/\/875jahrekirchgoens.de\/?p=14814\" aria-label=\"Mehr Informationen \u00fcber Syrischer Kriegsfl\u00fcchtling Alaa Tello in Vereinsarbeit integriert\">Weiterlesen<\/a><\/p>\n","protected":false},"author":1,"featured_media":0,"comment_status":"closed","ping_status":"open","sticky":false,"template":"","format":"standard","meta":{"footnotes":""},"categories":[1],"tags":[],"class_list":["post-14814","post","type-post","status-publish","format-standard","hentry","category-infos"],"_links":{"self":[{"href":"http:\/\/875jahrekirchgoens.de\/index.php?rest_route=\/wp\/v2\/posts\/14814","targetHints":{"allow":["GET"]}}],"collection":[{"href":"http:\/\/875jahrekirchgoens.de\/index.php?rest_route=\/wp\/v2\/posts"}],"about":[{"href":"http:\/\/875jahrekirchgoens.de\/index.php?rest_route=\/wp\/v2\/types\/post"}],"author":[{"embeddable":true,"href":"http:\/\/875jahrekirchgoens.de\/index.php?rest_route=\/wp\/v2\/users\/1"}],"replies":[{"embeddable":true,"href":"http:\/\/875jahrekirchgoens.de\/index.php?rest_route=%2Fwp%2Fv2%2Fcomments&post=14814"}],"version-history":[{"count":1,"href":"http:\/\/875jahrekirchgoens.de\/index.php?rest_route=\/wp\/v2\/posts\/14814\/revisions"}],"predecessor-version":[{"id":14815,"href":"http:\/\/875jahrekirchgoens.de\/index.php?rest_route=\/wp\/v2\/posts\/14814\/revisions\/14815"}],"wp:attachment":[{"href":"http:\/\/875jahrekirchgoens.de\/index.php?rest_route=%2Fwp%2Fv2%2Fmedia&parent=14814"}],"wp:term":[{"taxonomy":"category","embeddable":true,"href":"http:\/\/875jahrekirchgoens.de\/index.php?rest_route=%2Fwp%2Fv2%2Fcategories&post=14814"},{"taxonomy":"post_tag","embeddable":true,"href":"http:\/\/875jahrekirchgoens.de\/index.php?rest_route=%2Fwp%2Fv2%2Ftags&post=14814"}],"curies":[{"name":"wp","href":"https:\/\/api.w.org\/{rel}","templated":true}]}}