{"id":14816,"date":"2018-04-17T21:12:00","date_gmt":"2018-04-17T21:12:00","guid":{"rendered":"http:\/\/875jahrekirchgoens.de\/?p=14816"},"modified":"2024-02-03T21:12:53","modified_gmt":"2024-02-03T21:12:53","slug":"grosser-plueschbaer-fuer-kirch-goenser-kindergarten","status":"publish","type":"post","link":"http:\/\/875jahrekirchgoens.de\/?p=14816","title":{"rendered":"Gro\u00dfer Pl\u00fcschb\u00e4r f\u00fcr Kirch-G\u00f6nser Kindergarten"},"content":{"rendered":"\n<p>Die Kinder des Kirch-G\u00f6nser Kindergartens brachen in Jubel aus, als Thorsten Metz, der 1. Vorsitzende des \u00f6rtlichen Turnvereins, und seine beiden Vorstandkollegen Markus Lex und Michael Raschke einen mitgebrachten gro\u00dfen Pl\u00fcschb\u00e4r auspackten. Seit der Wiederer\u00f6ffnung nach Renovierung und Umbau im letzten Jahr nennt sich der Kindergarten \u201eB\u00e4reninsel\u201c. Und das nachtr\u00e4gliche Geschenk des Turnvereins zur Einweihung ist ein 1,60 m gro\u00dfer hellbrauner B\u00e4r, also passend zum neuen Namen. Selbstverst\u00e4ndlich speziell f\u00fcr Kinder gefertigt und VDS-gepr\u00fcft. Ein bisher noch unbewohntes kleines Haus im Eingangsbereich des Kindergartens wurde spontan als Wohnsitz des neuen B\u00e4ren, der noch keinen Namen hat, von den Kindern ausgew\u00e4hlt. Silke Bolz-Lowak, die Leiterin des Kindergartens, dankte dem Kirch-G\u00f6nser Turnverein f\u00fcr das sch\u00f6ne Geschenk. Das Foto zeigt (v.l.) Silke Bolz-Lowak, Michael Raschke, die Kinder mit neuem Pl\u00fcschb\u00e4r im nunmehrigen B\u00e4renhaus sowie Thorsten Metz und Marus Lex nach der \u00dcbergabe des Pl\u00fcschb\u00e4ren. Das Geschenk komme gerade richtig, so Silke Bolz-Lowak, denn B\u00e4ren seien derzeit das gro\u00dfe Thema im Kindergarten. Und n\u00e4chste Woche w\u00fcrden alle Kinder im Doppeldeckerbus in die Fasanerie Wiesbaden fahren, um sich eine Braunb\u00e4renf\u00fctterung anzusehen, worauf sich schon alle freuen.<\/p>\n\n\n\n<p>Quelle und Bild: TV Kirch-G\u00f6ns vom 17. April 2018<\/p>\n\n\n\n<figure class=\"wp-block-image size-large\"><img loading=\"lazy\" decoding=\"async\" width=\"1024\" height=\"685\" src=\"http:\/\/875jahrekirchgoens.de\/wp-content\/uploads\/2024\/02\/Pluesch-2018-Bild1-1024x685.jpg\" alt=\"\" class=\"wp-image-14808\" srcset=\"http:\/\/875jahrekirchgoens.de\/wp-content\/uploads\/2024\/02\/Pluesch-2018-Bild1-1024x685.jpg 1024w, http:\/\/875jahrekirchgoens.de\/wp-content\/uploads\/2024\/02\/Pluesch-2018-Bild1-300x201.jpg 300w, http:\/\/875jahrekirchgoens.de\/wp-content\/uploads\/2024\/02\/Pluesch-2018-Bild1-768x513.jpg 768w, http:\/\/875jahrekirchgoens.de\/wp-content\/uploads\/2024\/02\/Pluesch-2018-Bild1-1536x1027.jpg 1536w, http:\/\/875jahrekirchgoens.de\/wp-content\/uploads\/2024\/02\/Pluesch-2018-Bild1-2048x1369.jpg 2048w\" sizes=\"auto, (max-width: 1024px) 100vw, 1024px\" \/><\/figure>\n","protected":false},"excerpt":{"rendered":"<p>Die Kinder des Kirch-G\u00f6nser Kindergartens brachen in Jubel aus, als Thorsten Metz, der 1. Vorsitzende des \u00f6rtlichen Turnvereins, und seine beiden Vorstandkollegen Markus Lex und Michael Raschke einen mitgebrachten gro\u00dfen Pl\u00fcschb\u00e4r auspackten. Seit der Wiederer\u00f6ffnung nach Renovierung und Umbau im letzten Jahr nennt sich der Kindergarten \u201eB\u00e4reninsel\u201c. Und das nachtr\u00e4gliche Geschenk des Turnvereins zur Einweihung &#8230; <a title=\"Gro\u00dfer Pl\u00fcschb\u00e4r f\u00fcr Kirch-G\u00f6nser Kindergarten\" class=\"read-more\" href=\"http:\/\/875jahrekirchgoens.de\/?p=14816\" aria-label=\"Mehr Informationen \u00fcber Gro\u00dfer Pl\u00fcschb\u00e4r f\u00fcr Kirch-G\u00f6nser Kindergarten\">Weiterlesen<\/a><\/p>\n","protected":false},"author":1,"featured_media":0,"comment_status":"closed","ping_status":"open","sticky":false,"template":"","format":"standard","meta":{"footnotes":""},"categories":[1],"tags":[],"class_list":["post-14816","post","type-post","status-publish","format-standard","hentry","category-infos"],"_links":{"self":[{"href":"http:\/\/875jahrekirchgoens.de\/index.php?rest_route=\/wp\/v2\/posts\/14816","targetHints":{"allow":["GET"]}}],"collection":[{"href":"http:\/\/875jahrekirchgoens.de\/index.php?rest_route=\/wp\/v2\/posts"}],"about":[{"href":"http:\/\/875jahrekirchgoens.de\/index.php?rest_route=\/wp\/v2\/types\/post"}],"author":[{"embeddable":true,"href":"http:\/\/875jahrekirchgoens.de\/index.php?rest_route=\/wp\/v2\/users\/1"}],"replies":[{"embeddable":true,"href":"http:\/\/875jahrekirchgoens.de\/index.php?rest_route=%2Fwp%2Fv2%2Fcomments&post=14816"}],"version-history":[{"count":1,"href":"http:\/\/875jahrekirchgoens.de\/index.php?rest_route=\/wp\/v2\/posts\/14816\/revisions"}],"predecessor-version":[{"id":14817,"href":"http:\/\/875jahrekirchgoens.de\/index.php?rest_route=\/wp\/v2\/posts\/14816\/revisions\/14817"}],"wp:attachment":[{"href":"http:\/\/875jahrekirchgoens.de\/index.php?rest_route=%2Fwp%2Fv2%2Fmedia&parent=14816"}],"wp:term":[{"taxonomy":"category","embeddable":true,"href":"http:\/\/875jahrekirchgoens.de\/index.php?rest_route=%2Fwp%2Fv2%2Fcategories&post=14816"},{"taxonomy":"post_tag","embeddable":true,"href":"http:\/\/875jahrekirchgoens.de\/index.php?rest_route=%2Fwp%2Fv2%2Ftags&post=14816"}],"curies":[{"name":"wp","href":"https:\/\/api.w.org\/{rel}","templated":true}]}}