{"id":14820,"date":"2018-10-06T21:14:00","date_gmt":"2018-10-06T21:14:00","guid":{"rendered":"http:\/\/875jahrekirchgoens.de\/?p=14820"},"modified":"2024-02-03T21:14:45","modified_gmt":"2024-02-03T21:14:45","slug":"fussball-dart-in-kirch-goens","status":"publish","type":"post","link":"http:\/\/875jahrekirchgoens.de\/?p=14820","title":{"rendered":"Fu\u00dfball-Dart in Kirch-G\u00f6ns"},"content":{"rendered":"\n<p>Traditionell veranstaltet der Quartermain-Club 1987 Kirch-G\u00f6ns \u2013 Freizeitfu\u00dfballer im TV Kirch-G\u00f6ns \u2013 zum 1. Spieltag der Fu\u00dfball-Bundesliga seinen Sommergrenzgang. Dieses Jahr hatte man eine Alternative parat. Ein internes Sommerfest mit Fu\u00dfball-Dart an welchem 20 Mitgliedern teilnahmen. Neben leckerem Gegrillten und k\u00fchlen Getr\u00e4nken wurde auch die Konferenz des Spieltages verfolgt. Die sportliche Bet\u00e4tigung kam ebenfalls nicht zu kurz. Bei vier Durchg\u00e4ngen \u00e1 drei Schuss eines jeden Mitglieds wurden die f\u00fcnf Punktbesten ermittelt. Diese traten dann nochmals gegeneinander im Finale an. Hier setzte sich Frank Hankel gegen Andr\u00e9 Cannon und Christian Kaminski schlussendlich durch und ist somit der 1. offizielle QC-Fu\u00dfball-Dart-Meister. Es war ein sch\u00f6ner gemeinsamer Tag und die Veranstaltung kam bei den Mitgliedern sehr gut an.<\/p>\n\n\n\n<p>Quelle und Bild: TV Kirch-G\u00f6ns vom 6. Oktober 2018<\/p>\n\n\n\n<figure class=\"wp-block-image size-full\"><img loading=\"lazy\" decoding=\"async\" width=\"398\" height=\"223\" src=\"http:\/\/875jahrekirchgoens.de\/wp-content\/uploads\/2024\/02\/Dart-2018-Bild1.jpg\" alt=\"\" class=\"wp-image-14807\" srcset=\"http:\/\/875jahrekirchgoens.de\/wp-content\/uploads\/2024\/02\/Dart-2018-Bild1.jpg 398w, http:\/\/875jahrekirchgoens.de\/wp-content\/uploads\/2024\/02\/Dart-2018-Bild1-300x168.jpg 300w\" sizes=\"auto, (max-width: 398px) 100vw, 398px\" \/><\/figure>\n","protected":false},"excerpt":{"rendered":"<p>Traditionell veranstaltet der Quartermain-Club 1987 Kirch-G\u00f6ns \u2013 Freizeitfu\u00dfballer im TV Kirch-G\u00f6ns \u2013 zum 1. Spieltag der Fu\u00dfball-Bundesliga seinen Sommergrenzgang. Dieses Jahr hatte man eine Alternative parat. Ein internes Sommerfest mit Fu\u00dfball-Dart an welchem 20 Mitgliedern teilnahmen. Neben leckerem Gegrillten und k\u00fchlen Getr\u00e4nken wurde auch die Konferenz des Spieltages verfolgt. Die sportliche Bet\u00e4tigung kam ebenfalls nicht &#8230; <a title=\"Fu\u00dfball-Dart in Kirch-G\u00f6ns\" class=\"read-more\" href=\"http:\/\/875jahrekirchgoens.de\/?p=14820\" aria-label=\"Mehr Informationen \u00fcber Fu\u00dfball-Dart in Kirch-G\u00f6ns\">Weiterlesen<\/a><\/p>\n","protected":false},"author":1,"featured_media":0,"comment_status":"closed","ping_status":"open","sticky":false,"template":"","format":"standard","meta":{"footnotes":""},"categories":[1],"tags":[],"class_list":["post-14820","post","type-post","status-publish","format-standard","hentry","category-infos"],"_links":{"self":[{"href":"http:\/\/875jahrekirchgoens.de\/index.php?rest_route=\/wp\/v2\/posts\/14820","targetHints":{"allow":["GET"]}}],"collection":[{"href":"http:\/\/875jahrekirchgoens.de\/index.php?rest_route=\/wp\/v2\/posts"}],"about":[{"href":"http:\/\/875jahrekirchgoens.de\/index.php?rest_route=\/wp\/v2\/types\/post"}],"author":[{"embeddable":true,"href":"http:\/\/875jahrekirchgoens.de\/index.php?rest_route=\/wp\/v2\/users\/1"}],"replies":[{"embeddable":true,"href":"http:\/\/875jahrekirchgoens.de\/index.php?rest_route=%2Fwp%2Fv2%2Fcomments&post=14820"}],"version-history":[{"count":1,"href":"http:\/\/875jahrekirchgoens.de\/index.php?rest_route=\/wp\/v2\/posts\/14820\/revisions"}],"predecessor-version":[{"id":14821,"href":"http:\/\/875jahrekirchgoens.de\/index.php?rest_route=\/wp\/v2\/posts\/14820\/revisions\/14821"}],"wp:attachment":[{"href":"http:\/\/875jahrekirchgoens.de\/index.php?rest_route=%2Fwp%2Fv2%2Fmedia&parent=14820"}],"wp:term":[{"taxonomy":"category","embeddable":true,"href":"http:\/\/875jahrekirchgoens.de\/index.php?rest_route=%2Fwp%2Fv2%2Fcategories&post=14820"},{"taxonomy":"post_tag","embeddable":true,"href":"http:\/\/875jahrekirchgoens.de\/index.php?rest_route=%2Fwp%2Fv2%2Ftags&post=14820"}],"curies":[{"name":"wp","href":"https:\/\/api.w.org\/{rel}","templated":true}]}}