{"id":14826,"date":"2007-05-22T21:20:00","date_gmt":"2007-05-22T21:20:00","guid":{"rendered":"http:\/\/875jahrekirchgoens.de\/?p=14826"},"modified":"2024-02-03T21:21:54","modified_gmt":"2024-02-03T21:21:54","slug":"tv-vorsitzender-thorsten-metz-kuendigt-fuer-2008-seinen-ruecktritt-an","status":"publish","type":"post","link":"http:\/\/875jahrekirchgoens.de\/?p=14826","title":{"rendered":"TV-Vorsitzender Thorsten Metz k\u00fcndigt f\u00fcr 2008 seinen R\u00fccktritt an"},"content":{"rendered":"\n<p><em>Langj\u00e4hrige Mitglieder wurden geehrt \/ TT-Abteilung feiert ihr 25j\u00e4hriges Bestehen<\/em><\/p>\n\n\n\n<p>Bilanz f\u00fcr das Gesch\u00e4ftsjahr 2006 zog der Turnverein Kirch-G\u00f6ns k\u00fcrzlich im Sportlerheim. Die Willkommensgr\u00fc\u00dfe des Vorsitzenden Thorsten Metz galten J\u00fcrgen Ratz, Vorsitzender vom TV Pohl-G\u00f6ns, den Aktiven der HSG Butzbach\/Kirch-\/Pohl-G\u00f6ns, den \u00dcbungsleitern sowie den Freunden und G\u00f6nnern. Nach dem Gedenken an das verstorbene Mitglied Elke Weber gab Vorsitzender Thorsten Metz seinen Jahresbericht. Gemeinsam mit der Feuerwehr wurde der Kappenabend im B\u00fcrgerhaus veranstaltet. Den Schritt zur Beitragserh\u00f6hung im letzten Jahr bezeichnete Metz als unumg\u00e4nglich. Seit der letzten Mitgliederversammlung hat Kristian Euler die Finanzf\u00fchrung im TV \u00fcbernommen. Die 1. Maifeier war im letzten Jahr f\u00fcr den TV wieder ein voller Erfolg. Die Vorplanungen f\u00fcr den Hessentag waren in den TV-Sitzungen ein Thema. Ferner nahm der Vorsitzende an mehreren Sitzungen der der IG Kirch-G\u00f6ns teil, in denen u. a. auch das Thema Hessentag reichlich diskutiert wurde. Die allj\u00e4hrlichen Pflegearbeiten in und um das Sportlerheim wurden von Vereinsmitgliedern get\u00e4tigt. Im September letzten Jahres musste zum wiederholten Male festgestellt werden, dass unliebsame Zeitgenossen Fr\u00fcchte des Wallnussbaumes gegen die W\u00e4nde des Sportlerheimes geworfen hatten. Bereits einen Monat zuvor waren die Flecken in m\u00fchevoller Kleinarbeit entfernt worden. Der geplante Tagesausflug musste mangels Interesses abgesagt werden. F\u00fcr dieses Jahr werde man wieder einen Ausflug anbieten. Beim Backhausfest stellte der TV wieder ein Helferteam zur Verf\u00fcgung. Anl\u00e4sslich des 25-j\u00e4hrigen Bestehens der Tischtennisabteilung wird im Dezember die TT-Stadtmeisterschaft durchgef\u00fchrt. In Planung ist auch eine neue Abteilung ,,Bogenschie\u00dfen&#8220; zu gr\u00fcnden. Dazu werden noch Gespr\u00e4che mit dem LSB gef\u00fchrt. Auch die gemeinsame Nikolausfeier f\u00fcr die j\u00fcngsten TV\u00ad Mitglieder war wieder ein Erfolg. Bei der Adventst\u00fcrchen\u00f6ffnung vom Stadtteil Kirch\u00ad G\u00f6ns hatte der TV einen Stand auf dem Marktplatz und versorgte die G\u00e4ste mit Speisen und Getr\u00e4nke. F\u00fcr den Bereich Kinder-Turnen im TV Pohl- und Kirch-G\u00f6ns wurde ein Spannbarren angeschafft. Die Investition wird vom LSB Hessen mit 50% bezuschusst. Dank des gro\u00dfartigen Engagements von Ingeborg Festner wurde dem TV Kirch- und Pohl-G\u00f6ns wieder das Qualit\u00e4tssiegel Sport pro Gesundheit verliehen. Zum Abschluss dankte Thorsten Metz im Namen des Vorstandes allen ehrenamtlichen T\u00e4tigen, wie z. B. Schiedsrichtern, Zeitnehmern, \u00dcbungsleitern usw. f\u00fcr ihre T\u00e4tigkeiten, ebenso allen Vorstandsmitgliedern und allen, die den TV sei es materiell oder in einer sonstigen Weise unterst\u00fctzten. F\u00fcr die HSG Kirch-\/Pohl-G\u00f6ns\/ Butzbach informierte Dieter Z\u00f6rb \u00fcber die sportlichen Aktivit\u00e4ten. Die HSG bestehe jetzt seit 5 Jahren, das abgelaufene Spieljahr sei das schwerste f\u00fcr die HSG gewesen. Als Reaktion auf die schwierige Gesamtsituation wurden bereits neue Wege und Organisationsstrukturen ausgearbeitet. In der Saison (2006\/2007 waren drei Damen- und drei Herrenmannschaften sowie acht Jugendmannschaften f\u00fcr den Spielbetrieb gemeldet. Hinzukommen noch 2 Wichtel- und eine Minigruppe, in denen teilweise bis zu 60 Kinder zwischen 4 und 8 Jahren an das Handballspielen herangef\u00fchrt werden. Insgesamt werden bei der HSG etwa 80 Erwachsene und 180 Kinder und Jugendliche gez\u00e4hlt. Dem Bericht von Kurt Hartig, Abteilungsleiter Tischtennis, war zu entnehmen, dass man in Verbindung mit dem 25-j\u00e4hrigen Jubil\u00e4um die diesj\u00e4hrigen TT-Stadtmeisterschaften aus\u00ad austragen wird. F\u00fcr den Spielbetrieb hatte der TV Kirch-G\u00f6ns dem HTTV zwei Mannschaften gemeldet. Als Neuzugang wurde Christian Matth\u00e4us vom TSV Ostheim gewonnen, dieser wurde in den Spielbetrieb f\u00fcr die I. Mannschaft eingebaut. Die 1. Mannschaft schloss in der Kreisliga im Kampf um die Meisterschaft mit einem guten Gesamtergebnis ab. Die 2. Mannschaft verzichtete diesmal auf eine Relegationsregelung und \u00fcberzeugte mit einem guten 3. Platz in der 2. Kreisklasse. Bei den Aktivit\u00e4ten zum bevorstehenden Hessentag k\u00fcndigte Kurt Hartig an, dass am 3. Juni mit Christian L\u00f6ffler vom TSV Butzbach und einer gro\u00dfen Helferschar Tischtennis-Aktivit\u00e4ten pr\u00e4sentiert werden. Unter dem Motto \u201eTT tut Hessen gut&#8220; werden der Hessische Tischtennisverband, der Tischtenniskreisverband Wetterau und die vier Ortsvereine ein gemeinsames Programm um den kleinen Ball pr\u00e4sentieren. Des Weiteren wird im Rahmen des Hessentages vom Hessischen Behinderten\u00ad und Rehabilitations-Sportverband in der Mehrzweckhalle Kirch-\/Pohl-G\u00f6ns und der Schulsporthalle am Dienstag, 5. Juni ein Spiel &#8211; und Sportfest f\u00fcr Kinder und Jugendliche mit Behinderungen angeboten. F\u00fcr die Turnabteilung informierte Vorsitzender Thorsten Metz \u00fcber die zahlreichen sportlichen Aktivit\u00e4ten (vgl. ausf\u00fchrlicher Bericht BZ 16. Mai, Seite 29). Michael Raschke, Vorsitzender der Freizeitsportabteilung k\u00fcndigte in seinem Bericht das 20-j\u00e4hrige Bestehen der Freizeitkicker im TV Kirch-G\u00f6ns an, dass man im August feiern m\u00f6chte. Dar\u00fcber hinaus nahmen die Kicker an einem Turnier in M\u00fcnzenberg teil. Im finanziellen Bereich gab es umfassende Berichte zu den aktuellen Kassenbest\u00e4nden von Kristina Euler (TV) und Thorsten Klein (HSG). Die Revisoren Burkhard M\u00fcll (TV) und Steffi G\u00e4rtner (HSG) bescheinigten den jeweiligen Kassenwarten eine ordnungsgem\u00e4\u00dfe Buchf\u00fchrung. Bei den anstehenden Wahlen konnte Steffen H\u00e4user als Kassenpr\u00fcfer der HSG-Kasse f\u00fcr das laufende Gesch\u00e4ftsjahr gewonnen werden. Bereits angek\u00fcndigt wurden der gemeinsame Kappenabend mit der Feuerwehr am Freitag, 11. Januar 2008. Auch schon terminiert ist die Mitgliederversammlung des TV Kirch-G\u00f6ns am 25. April 2008. Dabei k\u00fcndigte der amtierende Vorsitzende Thorsten Metz seinen R\u00fccktritt aus beruflichen Gr\u00fcnden an. Auch Dieter Z\u00f6rb, Willi Calling und Edith Weber werden dann nicht mehr kandidieren.<\/p>\n\n\n\n<p>Quelle und Bilder: Butzbacher Zeitung vom 22. Mai 2007<\/p>\n\n\n\n<figure class=\"wp-block-gallery has-nested-images columns-default is-cropped wp-block-gallery-1 is-layout-flex wp-block-gallery-is-layout-flex\">\n<figure class=\"wp-block-image size-large\"><img loading=\"lazy\" decoding=\"async\" width=\"845\" height=\"385\" data-id=\"14827\" src=\"http:\/\/875jahrekirchgoens.de\/wp-content\/uploads\/2024\/02\/Metz-2007-Bild1.jpg\" alt=\"\" class=\"wp-image-14827\" srcset=\"http:\/\/875jahrekirchgoens.de\/wp-content\/uploads\/2024\/02\/Metz-2007-Bild1.jpg 845w, http:\/\/875jahrekirchgoens.de\/wp-content\/uploads\/2024\/02\/Metz-2007-Bild1-300x137.jpg 300w, http:\/\/875jahrekirchgoens.de\/wp-content\/uploads\/2024\/02\/Metz-2007-Bild1-768x350.jpg 768w\" sizes=\"auto, (max-width: 845px) 100vw, 845px\" \/><figcaption class=\"wp-element-caption\">Im Rahmen der Mitgliederversammlung des TV Kirch-G\u00f6ns ehrte der 2. Vorsitzender Thomas Schicketanz (r.) Mitglieder f\u00fcr 25- und 40-j\u00e4hrige Mitgliedschaft<\/figcaption><\/figure>\n\n\n\n<figure class=\"wp-block-image size-large\"><img loading=\"lazy\" decoding=\"async\" width=\"488\" height=\"260\" data-id=\"14828\" src=\"http:\/\/875jahrekirchgoens.de\/wp-content\/uploads\/2024\/02\/Metz-2007-Bild2.jpg\" alt=\"\" class=\"wp-image-14828\" srcset=\"http:\/\/875jahrekirchgoens.de\/wp-content\/uploads\/2024\/02\/Metz-2007-Bild2.jpg 488w, http:\/\/875jahrekirchgoens.de\/wp-content\/uploads\/2024\/02\/Metz-2007-Bild2-300x160.jpg 300w\" sizes=\"auto, (max-width: 488px) 100vw, 488px\" \/><figcaption class=\"wp-element-caption\">Vorsitzender Thorsten Metz (l.) graturlierte Ewald Binzer (M.) und Kurt Jakob (r.) zur 60-j\u00e4hrigen Vereinszugeh\u00f6rigkeit<\/figcaption><\/figure>\n<\/figure>\n","protected":false},"excerpt":{"rendered":"<p>Langj\u00e4hrige Mitglieder wurden geehrt \/ TT-Abteilung feiert ihr 25j\u00e4hriges Bestehen Bilanz f\u00fcr das Gesch\u00e4ftsjahr 2006 zog der Turnverein Kirch-G\u00f6ns k\u00fcrzlich im Sportlerheim. Die Willkommensgr\u00fc\u00dfe des Vorsitzenden Thorsten Metz galten J\u00fcrgen Ratz, Vorsitzender vom TV Pohl-G\u00f6ns, den Aktiven der HSG Butzbach\/Kirch-\/Pohl-G\u00f6ns, den \u00dcbungsleitern sowie den Freunden und G\u00f6nnern. Nach dem Gedenken an das verstorbene Mitglied Elke &#8230; <a title=\"TV-Vorsitzender Thorsten Metz k\u00fcndigt f\u00fcr 2008 seinen R\u00fccktritt an\" class=\"read-more\" href=\"http:\/\/875jahrekirchgoens.de\/?p=14826\" aria-label=\"Mehr Informationen \u00fcber TV-Vorsitzender Thorsten Metz k\u00fcndigt f\u00fcr 2008 seinen R\u00fccktritt an\">Weiterlesen<\/a><\/p>\n","protected":false},"author":1,"featured_media":0,"comment_status":"closed","ping_status":"open","sticky":false,"template":"","format":"standard","meta":{"footnotes":""},"categories":[1],"tags":[],"class_list":["post-14826","post","type-post","status-publish","format-standard","hentry","category-infos"],"_links":{"self":[{"href":"http:\/\/875jahrekirchgoens.de\/index.php?rest_route=\/wp\/v2\/posts\/14826","targetHints":{"allow":["GET"]}}],"collection":[{"href":"http:\/\/875jahrekirchgoens.de\/index.php?rest_route=\/wp\/v2\/posts"}],"about":[{"href":"http:\/\/875jahrekirchgoens.de\/index.php?rest_route=\/wp\/v2\/types\/post"}],"author":[{"embeddable":true,"href":"http:\/\/875jahrekirchgoens.de\/index.php?rest_route=\/wp\/v2\/users\/1"}],"replies":[{"embeddable":true,"href":"http:\/\/875jahrekirchgoens.de\/index.php?rest_route=%2Fwp%2Fv2%2Fcomments&post=14826"}],"version-history":[{"count":1,"href":"http:\/\/875jahrekirchgoens.de\/index.php?rest_route=\/wp\/v2\/posts\/14826\/revisions"}],"predecessor-version":[{"id":14829,"href":"http:\/\/875jahrekirchgoens.de\/index.php?rest_route=\/wp\/v2\/posts\/14826\/revisions\/14829"}],"wp:attachment":[{"href":"http:\/\/875jahrekirchgoens.de\/index.php?rest_route=%2Fwp%2Fv2%2Fmedia&parent=14826"}],"wp:term":[{"taxonomy":"category","embeddable":true,"href":"http:\/\/875jahrekirchgoens.de\/index.php?rest_route=%2Fwp%2Fv2%2Fcategories&post=14826"},{"taxonomy":"post_tag","embeddable":true,"href":"http:\/\/875jahrekirchgoens.de\/index.php?rest_route=%2Fwp%2Fv2%2Ftags&post=14826"}],"curies":[{"name":"wp","href":"https:\/\/api.w.org\/{rel}","templated":true}]}}