{"id":14831,"date":"2005-04-28T21:24:00","date_gmt":"2005-04-28T21:24:00","guid":{"rendered":"http:\/\/875jahrekirchgoens.de\/?p=14831"},"modified":"2024-02-03T21:26:00","modified_gmt":"2024-02-03T21:26:00","slug":"gerhard-reinhard-und-guenter-euler-seit-1-2-jahrhundert-im-tv-kirch-goens","status":"publish","type":"post","link":"http:\/\/875jahrekirchgoens.de\/?p=14831","title":{"rendered":"Gerhard Reinhard und G\u00fcnter Euler seit 1\/2 Jahrhundert im TV Kirch-G\u00f6ns"},"content":{"rendered":"\n<p>Wie der 1. Vorsitzende des TV Kirch-G\u00f6ns in der Jahreshauptversammlung informierte, liegt wieder ein arbeitsintensives Jahr hinter dem Verein. Es fand auch eine gemeinsame Sitzung mit dem TV Pohl-G\u00f6ns statt, wo u. a: \u00fcber Angelegenheiten der HSG Kirch-\/Pohl- G\u00f6ns\/Butzbach, der gemeinsame Internetauftritt, die Erh\u00f6hung der \u00dcbungsleiter-Entgelte und weitere Punkte besprochen wurden, Dabei wurde das \u00dcbungsleiter-Entgelt auf 50 % erh\u00f6ht. Dies sei ein nicht unerheblicher Kostenfaktor f\u00fcr beide Vereine. Der im letzten Jahr durchgef\u00fchrte Kappenabend mit der FFW Kirch-G\u00f6ns war wieder ein gelungenes Event, nicht nur durch die Initiative verschiedener Feuerwehr-Mitglieder, sondern auch durch das Engagement einzelner TV-Mitglieder, die zum guten Gelingen des Kappenabends beigetragen hatten. Auch fanden im letzten Jahr wieder die not wendigen Pflegearbeiten in und um das Sportlerheim statt. In diesem Jahr soll der ehemalige Stellplatz des Gastankes erweitert werden, wodurch weitere Parkm\u00f6glichkeiten geschaffen werden. Dazu sollen die T\u00fcren der Umkleidekabinen abgeschliffen werden. Die erstmals durchgef\u00fchrte 1.-Mai-Feier auf dem Sportplatzgel\u00e4ndes fand auch, wenn das Wetter nicht so mitgespielt hatte, bei der Bev\u00f6lkerung guten Zuspruch. Bei der Einweihung des neuen Gemeindezentrums der evangelischen Kirche Kirch-G\u00f6ns stellte der Turnverein das Bewirtungspersonal, zudem war der TV-Vordtand beim Bachhausfest t\u00e4tig. Im August letzten Jahres wurde dem TV K.irch-G\u00f6ns und dem Nachbarverein aus Pohl\u00ad G\u00f6ns das Qualit\u00e4tssiegel \u201ePluspunkt Gesund\u00ad heit DTB&#8220; f\u00fcr die Angebote Gesundheitssport: R\u00fccken und Wirbels\u00e4ule sowie Walking\/ Nordic-Walking verliehen. Dabei k\u00f6nnen die Mitglieder bei einer regelm\u00e4\u00dfigen Teilnahme dieser Angebote von dem Bonussystem der Krankenkassen profitieren. Eine Dankadresse richtete Thorsten Metz an Ingeborg Festner, die als Kursleiterin fungiert und zudem die Ausbildung als \u00dcbungsleiterin f\u00fcr Sport in der Pr\u00e4vention \u201eAllgemeine Gesundheitsf\u00f6rderung \/ Prim\u00e4r-Pr\u00e4vention&#8220; besitzt und sich immer wieder mit einem aufopferungsvollen Engagement f\u00fcr die Mitglieder beider Turnvereine einsetzt.&#8220; on der TT-Abteilung wurden erstmals die Butzbacher Tischtennis-Standmeisterschaften ausgerichtet. \u00a0Auch an die j\u00fcngsten Mitglieder wurde gedacht, dazu fand wie in den Vorjahren mit dem TV Pohl-G\u00f6ns die gemeinsame Nikolausfeier in der Schulsporthalle der MPS Oberer H\u00fcttenberg statt. Wie der TV-Vorsitzende berichtete, kann unter www.tv-kirch\u00ad goens.de oder <a href=\"http:\/\/www.tv-pohl-goens.de\/\">www.tv-pohl-goens.de<\/a> auf die gemeinsame Homepage zugegriffen werden. F\u00fcr die Gestaltung, Pflege und Betreuung zeichnet Jens-Uwe Rau verantwortlich. Im Namen des Vorstandes vom TV Kirch\u00ad G\u00f6ns dankte Thorsten Metz allen ehrenamtlich T\u00e4tigen, wie Schiedsrichter, Zeitnehmer, Sekret\u00e4re, \u00dcbungsleiter usw., sowie den Vorstandsmitgliedern und allen, die den TV unterst\u00fctzt haben. Wie der stellvertretende HSG- Vorsitzende Dieter Z\u00f6rb berichtete, spielen z. Zt. 90 Erwachsene und \u00fcber 200 Kinder bei der HSG Handball. Ausf\u00fchrlich ging Z\u00f6rb in seinem Bericht auf die aktiven Mannschaften und Nachwuchshandballteams ein. Sein Dank galt besonders dem Engagement &#8211; der Jugendbetreuer. Als positiv bewertete Z\u00f6rb, dass f\u00fcr die Hauptvereine die Kassen wie bereits in den Vorjahren nicht h\u00f6her belastet werden mussten. Dies werde aber zunehmend schwieriger werden, weil allein durch st\u00e4ndig neue Auflagen des Verbandes es immer kostenintensiver werde, den Handballsport in einer solchen Breite zu betreiben. Man m\u00fcsse sich schon bald damit befassen, unter welchen Bedingungen die HASG in der Lage sein wird, den Handballsport nicht nur in der Breite, sondern auch leistungsorientiert aufrecht zu erhalten, denn nur als Breitensport sei ein solcher Betrieb auf die Dauer nicht finanzierbar und um den Zuschauer in die Halle zu locken, m\u00fcssen eben auf einem entsprechenden Niveau gespielt werden. Rudi Weber gab einen \u00dcberblick \u00fcber die Aktivit\u00e4ten der Tischtennisabteilung. Auch in dieser Abteilung w\u00e4re es w\u00fcnschenswert, wenn. sich einige Jugendliche f\u00fcr diese Sportart interessieren w\u00fcrden. F\u00fcr die verhinderte Jugendwartin Rosi Schallau verlas der TV-Vorsitzende deren Bericht. Daraus war zu entnehmen, dass man gemeinsam mit dem TV Pohl-G\u00f6ns f\u00fcr Kinder ab 2 Jahren und Jugendliche bis ca. 14 Jahren in 7 Turngruppen ein Angebot unterbreiten konnte. An der Gruppenhelferausbildung, die der Turngau Wetterau- Vogelsberg allj\u00e4hrlich kostenlos veranstaltet, nahmen Laura Metz und Petra Gardona (beide TV Kirch-G\u00f6ns) teil. Die Lizenz als Kampfrichterin im Fachgebiet Ger\u00e4teturnen bekam Julia Schallau im letzten Jahr vom HTV ausgestellt. Im vergangenen Jahr zeigten die Kirch-\/Pohl-G\u00f6nser Leichtathletikkinder beste Leistungen, sowohl bei den Kreismeisterschaften in Echzell, als auch bei den Leichtathletik-Kreis-Hallenmeisterschaften in Kalbach. Innerhalb der Ger\u00e4teturngruppe, die von Rosi und Julia Schallau geleitet wird, erwarben 14 M\u00e4dchen das Ger\u00e4teturnabzeichen des DTB. Weiterhin waren die M\u00e4dchen dieser Gruppe erfolgreiche beim Gaukinderturnfest in Gambach, mit 2 ersten und weiteren guten Platzierungen vertreten. Auch die Turnabteilung verfolgt das Ziel, die Zahl der \u00dcbungsleiter und Helfer zu erh\u00f6hen, damit alle interessierten Kinder einen Platz in einer ihrem Alter entsprechenden Gruppe bekommen k\u00f6nnen. F\u00fcr den Kassenbericht vom TV Kirch-G\u00f6ns zeichnete Gerhard Reinhard verantwortlich, w\u00e4hrend Torsten Klein den Bericht der HSG Kirch-\/Pohl-G\u00f6ns\/Butzbach vorgetragen hatte. Die Kassenpr\u00fcfer G\u00fcnter Steiner (TV) und Michael Tiedemann (HSG) bescheinigten den Finanzverwaltern jeweils eine ordnungsgem\u00e4\u00dfe Buchf\u00fchrung. Im Anschluss fanden einige Ehrungen statt. F\u00fcr 25-j\u00e4hrige Vereinszugeh\u00f6rigkeit wurden Anke Dannwolf, Thoma M\u00fcller, Gisela Watz und Brigitte Teichmann geehrt. Seit 40 Jahren geh\u00f6ren dem TV Kirch-G\u00f6ns an: Hagen Heinz, Dieter R\u00f6hrig und Rudi Schicketanz. Jeweils eine Urkunde und die goldene Vereinsehrennadel \u00fcberreichten die beiden Vorsitzenden Thorsten Metz und Thomas Schicketanz Gerhard Reinhard und G\u00fcnter Euler. Als Vertreter vom Sportkreis Wetterau h\u00e4ndigte Werner Lill f\u00fcr 37 Jahre Vorstandsarbeit eine Urkunde vom Landessportbund dem Kassenwart Gerhard Reinhard aus. Die Jahreshauptversammlung klang nach der Bekanntgabe einiger Termine, darunter die 1. Mai-Feier auf dem Sportplatzgel\u00e4nde, in gem\u00fctlicher Runde aus.<\/p>\n\n\n\n<p>Quelle und Bilder: Butzbacher Zeitung vom 28. April 2005<\/p>\n\n\n\n<figure class=\"wp-block-gallery has-nested-images columns-default is-cropped wp-block-gallery-1 is-layout-flex wp-block-gallery-is-layout-flex\">\n<figure class=\"wp-block-image size-large\"><img loading=\"lazy\" decoding=\"async\" width=\"658\" height=\"358\" data-id=\"14832\" src=\"http:\/\/875jahrekirchgoens.de\/wp-content\/uploads\/2024\/02\/gug-2005-Bild1.jpg\" alt=\"\" class=\"wp-image-14832\" srcset=\"http:\/\/875jahrekirchgoens.de\/wp-content\/uploads\/2024\/02\/gug-2005-Bild1.jpg 658w, http:\/\/875jahrekirchgoens.de\/wp-content\/uploads\/2024\/02\/gug-2005-Bild1-300x163.jpg 300w\" sizes=\"auto, (max-width: 658px) 100vw, 658px\" \/><figcaption class=\"wp-element-caption\">Im Mittelpunkt der Jahreshauptversammlung des TV Kirch-G\u00f6ns stand die Ehrung einiger Mitglieder f\u00fcr 25-, 40- und 50-j\u00e4hriger Vereinszugeh\u00f6rigkeit. <\/figcaption><\/figure>\n\n\n\n<figure class=\"wp-block-image size-large\"><img loading=\"lazy\" decoding=\"async\" width=\"548\" height=\"361\" data-id=\"14833\" src=\"http:\/\/875jahrekirchgoens.de\/wp-content\/uploads\/2024\/02\/gug-2005-Bild2.jpg\" alt=\"\" class=\"wp-image-14833\" srcset=\"http:\/\/875jahrekirchgoens.de\/wp-content\/uploads\/2024\/02\/gug-2005-Bild2.jpg 548w, http:\/\/875jahrekirchgoens.de\/wp-content\/uploads\/2024\/02\/gug-2005-Bild2-300x198.jpg 300w\" sizes=\"auto, (max-width: 548px) 100vw, 548px\" \/><figcaption class=\"wp-element-caption\">Werner Lill (l.) ehrte Gerhard Reinhard (M.) mit einer Urkunde des Landessportbundes, rechts im Bild Vorsitzender Thorsten Metz. <\/figcaption><\/figure>\n<\/figure>\n","protected":false},"excerpt":{"rendered":"<p>Wie der 1. Vorsitzende des TV Kirch-G\u00f6ns in der Jahreshauptversammlung informierte, liegt wieder ein arbeitsintensives Jahr hinter dem Verein. Es fand auch eine gemeinsame Sitzung mit dem TV Pohl-G\u00f6ns statt, wo u. a: \u00fcber Angelegenheiten der HSG Kirch-\/Pohl- G\u00f6ns\/Butzbach, der gemeinsame Internetauftritt, die Erh\u00f6hung der \u00dcbungsleiter-Entgelte und weitere Punkte besprochen wurden, Dabei wurde das \u00dcbungsleiter-Entgelt &#8230; <a title=\"Gerhard Reinhard und G\u00fcnter Euler seit 1\/2 Jahrhundert im TV Kirch-G\u00f6ns\" class=\"read-more\" href=\"http:\/\/875jahrekirchgoens.de\/?p=14831\" aria-label=\"Mehr Informationen \u00fcber Gerhard Reinhard und G\u00fcnter Euler seit 1\/2 Jahrhundert im TV Kirch-G\u00f6ns\">Weiterlesen<\/a><\/p>\n","protected":false},"author":1,"featured_media":0,"comment_status":"closed","ping_status":"open","sticky":false,"template":"","format":"standard","meta":{"footnotes":""},"categories":[1],"tags":[],"class_list":["post-14831","post","type-post","status-publish","format-standard","hentry","category-infos"],"_links":{"self":[{"href":"http:\/\/875jahrekirchgoens.de\/index.php?rest_route=\/wp\/v2\/posts\/14831","targetHints":{"allow":["GET"]}}],"collection":[{"href":"http:\/\/875jahrekirchgoens.de\/index.php?rest_route=\/wp\/v2\/posts"}],"about":[{"href":"http:\/\/875jahrekirchgoens.de\/index.php?rest_route=\/wp\/v2\/types\/post"}],"author":[{"embeddable":true,"href":"http:\/\/875jahrekirchgoens.de\/index.php?rest_route=\/wp\/v2\/users\/1"}],"replies":[{"embeddable":true,"href":"http:\/\/875jahrekirchgoens.de\/index.php?rest_route=%2Fwp%2Fv2%2Fcomments&post=14831"}],"version-history":[{"count":1,"href":"http:\/\/875jahrekirchgoens.de\/index.php?rest_route=\/wp\/v2\/posts\/14831\/revisions"}],"predecessor-version":[{"id":14834,"href":"http:\/\/875jahrekirchgoens.de\/index.php?rest_route=\/wp\/v2\/posts\/14831\/revisions\/14834"}],"wp:attachment":[{"href":"http:\/\/875jahrekirchgoens.de\/index.php?rest_route=%2Fwp%2Fv2%2Fmedia&parent=14831"}],"wp:term":[{"taxonomy":"category","embeddable":true,"href":"http:\/\/875jahrekirchgoens.de\/index.php?rest_route=%2Fwp%2Fv2%2Fcategories&post=14831"},{"taxonomy":"post_tag","embeddable":true,"href":"http:\/\/875jahrekirchgoens.de\/index.php?rest_route=%2Fwp%2Fv2%2Ftags&post=14831"}],"curies":[{"name":"wp","href":"https:\/\/api.w.org\/{rel}","templated":true}]}}