{"id":14837,"date":"2004-04-01T21:28:00","date_gmt":"2004-04-01T21:28:00","guid":{"rendered":"http:\/\/875jahrekirchgoens.de\/?p=14837"},"modified":"2024-02-03T21:30:21","modified_gmt":"2024-02-03T21:30:21","slug":"der-tv-kirch-goens-ehrte-seine-langjaehrigen-mitglieder","status":"publish","type":"post","link":"http:\/\/875jahrekirchgoens.de\/?p=14837","title":{"rendered":"Der TV Kirch-G\u00f6ns ehrte seine langj\u00e4hrigen Mitglieder"},"content":{"rendered":"\n<p><em>R\u00fcckblick auf ein arbeitsintensives Jahr\/Rege Arbeit in den Abteilungen<\/em><em><\/em><\/p>\n\n\n\n<p>Mit einer Schweigeminute f\u00fcr die im Vorjahr verstorbenen Vereinsmitglieder Alwin Hanack, Heinrich R\u00fchl und Heinrich Kuhl wurde die Jahreshauptversammlung des TV Kirch-G\u00f6ns in der Gastst\u00e4tte Maiwald er\u00f6ffnet. Dann zogen der 1. Vorsitzende Thorsten Metz und die die einzelnen Abteilungsleiter die Bilanz des sportlichen und geselligen Lebens im TV. Ein H\u00f6hepunkt der zweist\u00fcndigen Veranstaltung war die Ehrung langj\u00e4hriger Mitglieder. Thorsten Metz erw\u00e4hnte zwei Vorstandsitzungen, die eigene Jahreshauptversammlung und den Besuch der Jahresversammlungen des TV Pohl-G\u00f6ns, der HSG Kirch-\/Pohl-G\u00f6ns\/Butzbach und der Freiwilligen Feuerwehr Kirch-G\u00f6ns. Auch an den Zusammenk\u00fcnften der IG und des Vereinsrings Butzbach habe man teilgenommen. Mit dem Vorstand des TV Pohl-G\u00f6ns habe man Angelegenheiten der Handballer, einen gemeinsamen Internetauftritt, die Erh\u00f6hung der \u00dcbungsleiterpauschale und weitere Punkte besprochen. Den Kappenabend mit der Freiwilligen Feuerwehr nannte Metz \u201esehr gelungen&#8220;. Im Februar wurden 300 Maulwurfsh\u00fcgel auf dem Kirch-G\u00f6nser Sportplatz entdeckt. Die Stadt Butzbach habe die Unebenheiten begradigt, die immer noch zu erkennen seien. Au\u00dferdem habe der Maulwurf inzwischen seine unterirdische W\u00fchlarbeit wieder aufgenommen. Der Vorstand habe sich um die laufen\u00ad den Pflegearbeiten rund um das Sportlerheim gek\u00fcmmert und auch das Geb\u00e4ude im Inneren st\u00e4ndig auf Vordermann gebracht. Ein weiterer Arbeitseinsatz werde der Erweiterung d Stellplatzes f\u00fcr den ehemaligen Gastank gelten. Hier soll Parkraum f\u00fcr Kraftfahrzeuge entstehen. Am Sportlerheim wurde das Logo des TV angebracht. Leider komme es immer wieder zu Zerst\u00f6rungen an der Au\u00dfenfront. Glasscheiben gingen zu Bruch und auch die Beleuchtung. Der Stadt seien die Besch\u00e4digungen gemeldet worden. Man hoffe auf baldige Instandsetzung. Beim Backhausfest wurde mitgeholfen, ein \u201eAidA&#8220;-Notfallplan an die IG \u00fcbergeben, falls das Hessenfernsehen pl\u00f6tzlich zu Besuch komme. Gut besucht war die Nikolausfeier am 6. Dezember in der MPS ,,Oberer H\u00fcttenberg&#8220;. l00 Kinder, die Eltern, Gro\u00dfeltern und Verwandte h\u00e4tten ihren Spa\u00df gehabt, auch der Nikolaus Lutz Herbel. Ein gemeinsames Weihnachtsessen sei von den \u00dcbungsleitern beider Turnvereine am 25. November veranstaltet worden. Bei runden Geburtstagen und Jubil\u00e4en habe der Vorstand seine Gl\u00fcckw\u00fcnsche den Mitgliedern \u00fcbermittelt. Einen Dank gab es f\u00fcr Webmaster Jens-Uwe Rau, der wieder vie1 Zeit und Arbeit in die Gestaltung der Homepage des TV gesteckt habe. Die Arbeit habe man dank des Engagements von Vorstand, Sponsoren, Helfern und Verantwortlichen auf dem Handballsektor geschafft, berichtete Dieter Z\u00f6rb, der Handballabteilungsleiter. Das Kon\u00ad zentrieren auf Spielbetrieb, Trainerfragen sei nur ein kleiner Teil dessen, was jeden Tag zu leisten sei. Die gemeinsame Handballabteilung der SG Kirch-\/Pohl-G\u00f6ns mit Butzbach koste M\u00fche und Geld, die Kassen der Stammvereine seien nicht unersch\u00f6pflich. Deshalb ergehe an alle Vereinsmitglieder die Bitte, die Arbeit auf sportlichem Sektor und im gesellschaftlichen Bereich weiter zu unterst\u00fctzen. Auf die einzelnen Mannschaften ging R\u00fcdiger Hahn n\u00e4her ein. Kurt Hartig zog die Bilanz f\u00fcr die Tischtennisabteilung. Rosi Schallau berichtete f\u00fcr die Abteilungen Turnen und Badminton. Michael Raschke erw\u00e4hnte die Aktivit\u00e4ten der Freizeitfu\u00dfballer. Solide Finanzen vermeldete Rechner Gerhard Reinhard f\u00fcr den TV Kirch-G\u00f6ns. Die Zusch\u00fcsse an die HSG bewegten sich wieder in einem normalen Rahmen. Die Mitgliederzahl liege bei 405. Ohne M\u00e4ngel war auch der Bericht von HSG\u00ad Kassenwart Matthias Sch\u00f6ddert. Dies best\u00e4tigen die Kassenpr\u00fcfer Thorsten R\u00f6hrig und Klaus Heiden. Nach der einstimmigen Entlastung gab es Vorstandneuwahlen unter der Leitung von Helmut Hankel. Einstimmig gew\u00e4hlt wurden Thorsten Metz (1. Vorsitzender), Thomas Schicketanz (2. Vorsitzender), 1. Kassenwart Gerhard Reinhard, 2. Kassenwart Torsten Klein, 1. Schriftf\u00fchrer Jens\u00adUwe Rau, 2. Schriftf\u00fchrer Marco Reinhard, Handballwart Dieter Z\u00f6rb, Jugend\u00ad handballwart Willi Calling, Jugendwartin Rosi Schallau, Tischtenniswart Kurt Hartig, Freizeitwart Michael Raschke sowie die Beisitzer Edith Weber, Werner G\u00e4rtner, Horst Hunger und Eckhard Jung. Die Position des Pressewarts wurde nicht neu besetzt. Neue Kassenpr\u00fcfer sind G\u00fcnther Steiner (TV) und Michael Tiedemann (SG). F\u00fcr 40 Jahre Mitgliedschaft wurden G\u00fcnther Steiner, Helmut Hankel, Helmut R\u00fchl und Klaus-Dieter Herbe1 geehrt. 50 Jahre Mitglied im TV sind Horst Hunger und Heinz Sch\u00fcttke. Horst Hunger geh\u00f6rt zus\u00e4tzlich dem Vorstand seit 30 Jahren an. In seinem Ausblick auf das neue Jahr erw\u00e4hnte Vorsitzender Metz die diesj\u00e4hrige 1. Mai-Feier. Sie wird erstmals vom TV auf dem Sportplatz veranstaltet. Es wird ein Gro\u00dffeldhandballspiel zwischen dem alten TV Kirch-\/Pohl-G\u00f6ns und dem TSV Niederkleen geben. Auch an ein Kinderprogramm mit H\u00fcpfburg ist gedacht. 2005 wird das 100-j\u00e4hrige Bestehen des TV Pohl-G\u00f6ns gefeiert. Am 12. M\u00e4rz 2005 ist die akademische Feier geplant, das Festwochenende folgt vom 1. bis 4. Juli 2005. Der TV Kirch-G\u00f6ns hat schon jetzt seine Mithilfe angeboten.<\/p>\n\n\n\n<p>Quelle und Bilder: Butzbacher Zeitung vom 1. April 2004<\/p>\n\n\n\n<figure class=\"wp-block-gallery has-nested-images columns-default is-cropped wp-block-gallery-1 is-layout-flex wp-block-gallery-is-layout-flex\">\n<figure class=\"wp-block-image size-large\"><img loading=\"lazy\" decoding=\"async\" width=\"521\" height=\"363\" data-id=\"14838\" src=\"http:\/\/875jahrekirchgoens.de\/wp-content\/uploads\/2024\/02\/ehre-2004-Bild1.jpg\" alt=\"\" class=\"wp-image-14838\" srcset=\"http:\/\/875jahrekirchgoens.de\/wp-content\/uploads\/2024\/02\/ehre-2004-Bild1.jpg 521w, http:\/\/875jahrekirchgoens.de\/wp-content\/uploads\/2024\/02\/ehre-2004-Bild1-300x209.jpg 300w\" sizes=\"auto, (max-width: 521px) 100vw, 521px\" \/><figcaption class=\"wp-element-caption\">50 Jahre Mitglied im TV Kirch-G\u00f6ns sind Horst Hunger (l.) und Heinz Sch\u00fcttke (r.) Den beiden \u201eUrgesteinen\u201c und langj\u00e4hrigen Vorstandsmitgliedern gratulierte der 1 Vorsitzende Thorsten Metz ganz besonders herzlich. <\/figcaption><\/figure>\n\n\n\n<figure class=\"wp-block-image size-large\"><img loading=\"lazy\" decoding=\"async\" width=\"521\" height=\"371\" data-id=\"14839\" src=\"http:\/\/875jahrekirchgoens.de\/wp-content\/uploads\/2024\/02\/ehre-2004-Bild2.jpg\" alt=\"\" class=\"wp-image-14839\" srcset=\"http:\/\/875jahrekirchgoens.de\/wp-content\/uploads\/2024\/02\/ehre-2004-Bild2.jpg 521w, http:\/\/875jahrekirchgoens.de\/wp-content\/uploads\/2024\/02\/ehre-2004-Bild2-300x214.jpg 300w\" sizes=\"auto, (max-width: 521px) 100vw, 521px\" \/><figcaption class=\"wp-element-caption\">F\u00fcr 40-j\u00e4hrige Mitgliedschaft im TV Kirch-G\u00f6ns zeichneten in der Jahreshauptversammlung der 1. Vorsitzende Thorsten Metz (l.) und Jugendwartin Rosi Schaullau (r.) die Vereinsmitglieder G\u00fcnther Steiner und Helmut Hankel aus. <\/figcaption><\/figure>\n<\/figure>\n","protected":false},"excerpt":{"rendered":"<p>R\u00fcckblick auf ein arbeitsintensives Jahr\/Rege Arbeit in den Abteilungen Mit einer Schweigeminute f\u00fcr die im Vorjahr verstorbenen Vereinsmitglieder Alwin Hanack, Heinrich R\u00fchl und Heinrich Kuhl wurde die Jahreshauptversammlung des TV Kirch-G\u00f6ns in der Gastst\u00e4tte Maiwald er\u00f6ffnet. Dann zogen der 1. Vorsitzende Thorsten Metz und die die einzelnen Abteilungsleiter die Bilanz des sportlichen und geselligen Lebens &#8230; <a title=\"Der TV Kirch-G\u00f6ns ehrte seine langj\u00e4hrigen Mitglieder\" class=\"read-more\" href=\"http:\/\/875jahrekirchgoens.de\/?p=14837\" aria-label=\"Mehr Informationen \u00fcber Der TV Kirch-G\u00f6ns ehrte seine langj\u00e4hrigen Mitglieder\">Weiterlesen<\/a><\/p>\n","protected":false},"author":1,"featured_media":0,"comment_status":"closed","ping_status":"open","sticky":false,"template":"","format":"standard","meta":{"footnotes":""},"categories":[1],"tags":[],"class_list":["post-14837","post","type-post","status-publish","format-standard","hentry","category-infos"],"_links":{"self":[{"href":"http:\/\/875jahrekirchgoens.de\/index.php?rest_route=\/wp\/v2\/posts\/14837","targetHints":{"allow":["GET"]}}],"collection":[{"href":"http:\/\/875jahrekirchgoens.de\/index.php?rest_route=\/wp\/v2\/posts"}],"about":[{"href":"http:\/\/875jahrekirchgoens.de\/index.php?rest_route=\/wp\/v2\/types\/post"}],"author":[{"embeddable":true,"href":"http:\/\/875jahrekirchgoens.de\/index.php?rest_route=\/wp\/v2\/users\/1"}],"replies":[{"embeddable":true,"href":"http:\/\/875jahrekirchgoens.de\/index.php?rest_route=%2Fwp%2Fv2%2Fcomments&post=14837"}],"version-history":[{"count":1,"href":"http:\/\/875jahrekirchgoens.de\/index.php?rest_route=\/wp\/v2\/posts\/14837\/revisions"}],"predecessor-version":[{"id":14840,"href":"http:\/\/875jahrekirchgoens.de\/index.php?rest_route=\/wp\/v2\/posts\/14837\/revisions\/14840"}],"wp:attachment":[{"href":"http:\/\/875jahrekirchgoens.de\/index.php?rest_route=%2Fwp%2Fv2%2Fmedia&parent=14837"}],"wp:term":[{"taxonomy":"category","embeddable":true,"href":"http:\/\/875jahrekirchgoens.de\/index.php?rest_route=%2Fwp%2Fv2%2Fcategories&post=14837"},{"taxonomy":"post_tag","embeddable":true,"href":"http:\/\/875jahrekirchgoens.de\/index.php?rest_route=%2Fwp%2Fv2%2Ftags&post=14837"}],"curies":[{"name":"wp","href":"https:\/\/api.w.org\/{rel}","templated":true}]}}