{"id":14842,"date":"2003-04-01T21:32:00","date_gmt":"2003-04-01T21:32:00","guid":{"rendered":"http:\/\/875jahrekirchgoens.de\/?p=14842"},"modified":"2024-02-03T21:34:01","modified_gmt":"2024-02-03T21:34:01","slug":"heinrich-ruehl-seit-siebzig-jahren-mitglied-im-tv-kirch-goens","status":"publish","type":"post","link":"http:\/\/875jahrekirchgoens.de\/?p=14842","title":{"rendered":"Heinrich R\u00fchl seit siebzig Jahren Mitglied im TV Kirch-G\u00f6ns"},"content":{"rendered":"\n<p>Zur Jahreshauptversammlung hatte der TV \u201eVorw\u00e4rts\u201c Kirch-G\u00f6ns seine Mitglieder in die Gastst\u00e4tte Kegelbahn eingeladen. Vorsitzender Thorsten Metz konnte neben den zahlreich erschienenen Mitgliedern auch die Vorsitzenden der Kirch-G\u00f6nser Ortsvoreine Markus Mohr (Feuerwehr), Peter Braasch (Gesangverein und Ortsbeirat), Bernd Hofacker (Vorsitzender des TV Pohl\u00ad G\u00f6ns), R\u00fcdiger Hahn und Dieter Z\u00f6rb (Vorsitzende der HSG Kirch-\/Pohl-G\u00f6ns\/ Butzbach) willkommen hei\u00dfen. <img loading=\"lazy\" decoding=\"async\" width=\"2\" height=\"19\" src=\"\">Zun\u00e4chst gedachte die Versammlung der k\u00fcrzlich verstorbenen Andrea Misch. Thorsten Metz verlas den Bericht des 1. Vorsitzenden. Bei der letztj\u00e4hrigen\u00a0Mitgliederversammlung hatte es Ver\u00e4nderungen im Vorstandsbereich gegeben. Die \u00c4mter des 1. und 2. Vorsitzenden wurden neu besetzt. Thorsten Metz und Thomas Schicketanz traten die Nachfolge der seitherigen Vorsitzenden Rudi Weber und Rudi Schicketanz an. Rosi Schallau wurde Jugendwartin Turnen. Michael Raschke Freizeitsportwart und Eckhard Jung Beisitzer. Aus dem Vorstand ausgeschieden sind Anette Repp, Gerd H\u00e4user und G\u00fcnter Kuhn. Den Kappenabend, den man mit der Feuerwehr im Januar veranstaltete, bezeichnete Thorsten Metz <em>als<\/em><em> <\/em>ein gelungenes Event. Der Initiative verschiedener Feuerwehr-Mitglieder und dem Engagement von TV-Mitgliedern sei es zu verdanken, dass die allj\u00e4hrliche Gemeinschaftsveranstaltung ein Erfolg wurde. Metz sprach auch die Fusionsversammlung der SG Kirch-\/Pohl-G\u00f6ns mit dem TSV Butzbach an und gratulierte der l. Damenmannschaft zum Aufstieg in die Handball-0berliga Hessen. Dabei verwies er auch auf das bevorstehende Pokalspiel der 1. Damenmannschaft gegen die HSG Eibelshausen\/Ewersbach am 1.Mai um 18.00 Uhr in der Mehrzweckhalle Kirch-\/Pohl-G\u00f6ns. Sollte den Lowak\u00adSch\u00fctzlingen ein Sieg gelingen, bestehe die M\u00f6glichkeit, in der Pokalrunde auf DHB-Ebene einzuziehen. In einer gemeinsamen Sitzung mit dem TV Pohl-G\u00f6ns wurden Angelegenheiten der neu formierten Handball-Spiel-Gemeinschaft (HSG), der Internetauftritt sowie Renovierungsarbeiten am Sportlerheim und weitere Punkte besprochen. Wie in jedem Jahr hatte der TV Kirch\u00ad G\u00f6ns die notwendigen Pflegearbeiten in und um das Sportlerheim Kjrch-G\u00f6ns durchgef\u00fchrt. Dabei wurden nach Angaben des 1. Vorsitzenden. ca 220 Stunden f\u00e4llig. Metz wies darauf hin, dass am 31. Mai ein weiterer Arbeitseinsatz stattfindet. Dabei erhalt die Au\u00dfenfassade des Sportlerheims einen neuen Anstrich, au\u00dferdem wird an der Frontseite das Vereinslogo des TV Kirch-G\u00f6ns aufgemalt. F\u00fcr Reinigungsarbeiten wurde ein Hochdruckreiniger angeschafft. Des Weiteren wurde beider Stadt Butzbach die Aufnahme des TV Pohl-G\u00f6ns und der HSG Kirch-\/Pohl-G\u00f6ns\/Butzbach in den Nutzungsvertrag des Sportlerheims beantragt und genehmigt. Aufgrund dieser Aufnahme werden den beiden Vereinen keine Geb\u00fchren mehr f\u00fcr die Nutzung des Sportlerheimes in Rechnung gestellt. Die gemeinsame Nikolausfeier f\u00fcr die j\u00fcngsten Mitglieder im TV war wieder eine Gemeinschaftsveranstaltung mit dem TV Pohl-G\u00f6ns. Dabei zeigten die Kinder mit ihren \u00dcbungsleiterinnen einen sportlichen Querschnitt ihres K\u00f6nnens. Mit weit \u00fcber 100 Kindern wurde diese Veranstaltung abermals zu einem vollen Erfolg. Metz wies auch bereits auf die diesj\u00e4hrige Nikolausfeier hin, die am 6. Dezember in der Schulsporthalle der MPS Oberer H\u00fcttenberg stattfinden wird. Zum Abschluss seines Berichtes erw\u00e4hnte Metz au den gemeinsamen Internetauftritt mit dem TV Pohl-G\u00f6ns, der inzwischen Formen annehme. Unter <a href=\"http:\/\/www.tv-kirch-goens.de\">www.tv-kirch-goens.de<\/a> oder <a href=\"http:\/\/www.tv-pohl-goens.de\">www.tv-pohl-goens.de<\/a> k\u00f6nne auf die gemeinsame Homepage zugegriffen werden. An dieser Stelle dankte der Vorsitzende Jens Uwe Rau f\u00fcr Gestaltung, Pflege und Betreuung der Homepage. Im Namen des Vorstandes dankte Metz auch allen ehrenamtlich T\u00e4tigen (Schiedsrichter, \u00dcbungsleiter, usw.) f\u00fcr ihre Arbeit. Nicht vergessen wurden auch die Vorstandsmitglieder und alle, die den TV materiell oder auf sonstige Weise unterst\u00fctzen. Dieter Z\u00f6rb, stellvertretender Vorsitzender der neugegr\u00fcndeten HSG Kirch-\/Pohl-G\u00f6ns\/Butzbach informierte \u00fcber die sportlichen Erfolge der einzelnen Mannschaften. Der neue HSG-Vorstand traf sich zu insgesamt 11 Sitzungen sowie bisher 3 Zusammenk\u00fcnften im bereits abgelaufenen Jahr. Hinzu kamen Zusammenk\u00fcnfte mit den Jugend- und Aktiven-Trainern der 1. Mannschaften. Im Rahmen des Fusionsprozesses mussten laut Z\u00f6rb zahlreiche Themen er\u00f6rtert und viele Entscheidungen getroffen werden. Auch die Mitglieder des Vorstandes musste zusammenwachsen. Der HSG-Vorstand habe sich hinsichtlich der Aufgabenverteilung als auch bei der Entscheidungsfindung recht schwergetan, gab Z\u00f6rb zu verstehen. Blicke man heute auf den Tag der Fusion am 27. Februar 2002 zur\u00fcck, so k\u00f6nne man feststellen, dass man in den zur\u00fcckliegenden Monaten gemeinsam einen Zusammenschluss vollzogen habe, der sich im sportlichen Bereich erfreulicher Weise recht unproblematisch dargestellt habe. Im Anschluss gab Z\u00f6rb einen \u00dcberblick \u00fcber die Mannschaften (ausf\u00fchrlich wurde dar\u00fcber in der BZ im Bericht der Jahreshauptversammlung des TV Pohl-G\u00f6ns informiert). Abteilungsleiter Tischtennis Kurt Hartig informierte die Versammlung \u00fcber die sportlichen Aktivit\u00e4ten. Die 1. TT-Mannschaft belegte in der 2. Kreisklasse Gruppe I Wetterau einen hervorragenden 3. Platz. Bei den Stadtmeisterschaften in Hoch-Weisel z\u00e4hlten Dirk Scheinig und Mattias Schier im Doppel und im Einzel zu den drei besten Spielern ihrer Klasse. Die Winterwanderung f\u00fchrte nach Ebersg\u00f6ns. F\u00fcr mehrj\u00e4hrige verdienstvolle T\u00e4tigkeit im Tischtennissport wurden beim letzten TT-Kreistag Rudi Weber, G\u00fcnter Kuhn und Kurt Hartig mit einer Urkunde vom Hessischen Tischtennis-Verband ausgezeichnet. Wie Kurt Hartig erl\u00e4uterte, w\u00e4chst durch die Aufl\u00f6sung der TT-Abteilung des TSV Ebersg\u00f6ns eine neue Tischtennis-Abteilung im TV Kirch-G\u00f6ns zusammen. \u00dcber einen enormen Anstieg im Bereich der Turnabteilung berichtete Rosi Schallau. Ausf\u00fchrlich wurde auch hier im Bericht der Jahreshauptversammlung vom TV Pohl-G\u00f6ns in der BZ informiert. \u00dcber die sportlichen Aktivit\u00e4ten der Freizeitkicker informierte Michael Raschke (in der BZ wurde dar\u00fcber berichtet). Ausf\u00fchrlich waren die Kassenberichte von Gerhard Reinhard (TV) und Torsten Klein. Steffi G\u00e4rtner bescheinigte dem HSG-Kassenwart Klein eine ordnungsgem\u00e4\u00dfe Buchf\u00fchrung. F\u00fcr in Ordnung befunden hatten auch Klaus Heiden und Thorsten R\u00f6hrig die Vereinskasse von TV-Kassenwart Gerhard Reinhard. F\u00fcr 25-j\u00e4hrige Mitgliedschaft erhielten die bronzene Ehrennadel des TV Kirch-G\u00f6ns Rainer D\u00e4mon und Thomas Grie\u00dfl. Die silberne Ehrennadel nahmen f\u00fcr 40-j\u00e4hrige Mitgliedschaft Willi Calling, Rudi Weber, Heidrun Thate, Margot Osthold, Renate Misch und Renate R\u00fchl in Empfang. Zum Ehrenmitglied wurde Willi Becker ernannt. Die Urkunde f\u00fcr 60-j\u00e4hrige Mitgliedschaft mit goldener Ehrennadel wurde an Willi Becker, Werner R\u00fchl und Ewald S\u00f6hngen verliehen. Eine weitere Urkunde mit goldener Ehrennadel ging an Heinrich R\u00fchl f\u00fcr 70-j\u00e4hre Mitgliedschaft im TV Kirch-G\u00f6ns. Peter Braasch dankte im Namen des Ortsbeirates, begl\u00fcckw\u00fcnschte die geehrten Mitglieder zu ihrer Auszeichnung und ging auch auf die Situation auf dem Sportplatzgel\u00e4nde ein. F\u00fcr die Zukunft w\u00fcnschte Braasch allen Sporttreibenden im TV Erfolg.<\/p>\n\n\n\n<p>Quelle und Bilder: Butzbacher Zeitung vom 30. April 2003<\/p>\n\n\n\n<figure class=\"wp-block-gallery has-nested-images columns-default is-cropped wp-block-gallery-1 is-layout-flex wp-block-gallery-is-layout-flex\">\n<figure class=\"wp-block-image size-large\"><img loading=\"lazy\" decoding=\"async\" width=\"571\" height=\"370\" data-id=\"14843\" src=\"http:\/\/875jahrekirchgoens.de\/wp-content\/uploads\/2024\/02\/ruehl-2003-Bild1.jpg\" alt=\"\" class=\"wp-image-14843\" srcset=\"http:\/\/875jahrekirchgoens.de\/wp-content\/uploads\/2024\/02\/ruehl-2003-Bild1.jpg 571w, http:\/\/875jahrekirchgoens.de\/wp-content\/uploads\/2024\/02\/ruehl-2003-Bild1-300x194.jpg 300w\" sizes=\"auto, (max-width: 571px) 100vw, 571px\" \/><figcaption class=\"wp-element-caption\">In der Jahreshauptversammlung des TV Kirch-G\u00f6ns wurden die Mitglieder auf dem Bild links f\u00fcr 25- bzw. 40-j\u00e4hrige Vereinszugeh\u00f6rigkeit ausgezeichnet.<\/figcaption><\/figure>\n\n\n\n<figure class=\"wp-block-image size-large\"><img loading=\"lazy\" decoding=\"async\" width=\"594\" height=\"378\" data-id=\"14844\" src=\"http:\/\/875jahrekirchgoens.de\/wp-content\/uploads\/2024\/02\/ruehl-2003-Bild2.jpg\" alt=\"\" class=\"wp-image-14844\" srcset=\"http:\/\/875jahrekirchgoens.de\/wp-content\/uploads\/2024\/02\/ruehl-2003-Bild2.jpg 594w, http:\/\/875jahrekirchgoens.de\/wp-content\/uploads\/2024\/02\/ruehl-2003-Bild2-300x191.jpg 300w\" sizes=\"auto, (max-width: 594px) 100vw, 594px\" \/><figcaption class=\"wp-element-caption\">Thorsten Metz (l.) und Thomas Schicketanz (r) ehrten Werner R\u00fchl (2.v. 1.) und Willi Becker f\u00fcr 60-j\u00e4hrige Vereinstreue<\/figcaption><\/figure>\n<\/figure>\n","protected":false},"excerpt":{"rendered":"<p>Zur Jahreshauptversammlung hatte der TV \u201eVorw\u00e4rts\u201c Kirch-G\u00f6ns seine Mitglieder in die Gastst\u00e4tte Kegelbahn eingeladen. Vorsitzender Thorsten Metz konnte neben den zahlreich erschienenen Mitgliedern auch die Vorsitzenden der Kirch-G\u00f6nser Ortsvoreine Markus Mohr (Feuerwehr), Peter Braasch (Gesangverein und Ortsbeirat), Bernd Hofacker (Vorsitzender des TV Pohl\u00ad G\u00f6ns), R\u00fcdiger Hahn und Dieter Z\u00f6rb (Vorsitzende der HSG Kirch-\/Pohl-G\u00f6ns\/ Butzbach) willkommen &#8230; <a title=\"Heinrich R\u00fchl seit siebzig Jahren Mitglied im TV Kirch-G\u00f6ns\" class=\"read-more\" href=\"http:\/\/875jahrekirchgoens.de\/?p=14842\" aria-label=\"Mehr Informationen \u00fcber Heinrich R\u00fchl seit siebzig Jahren Mitglied im TV Kirch-G\u00f6ns\">Weiterlesen<\/a><\/p>\n","protected":false},"author":1,"featured_media":0,"comment_status":"closed","ping_status":"open","sticky":false,"template":"","format":"standard","meta":{"footnotes":""},"categories":[1],"tags":[],"class_list":["post-14842","post","type-post","status-publish","format-standard","hentry","category-infos"],"_links":{"self":[{"href":"http:\/\/875jahrekirchgoens.de\/index.php?rest_route=\/wp\/v2\/posts\/14842","targetHints":{"allow":["GET"]}}],"collection":[{"href":"http:\/\/875jahrekirchgoens.de\/index.php?rest_route=\/wp\/v2\/posts"}],"about":[{"href":"http:\/\/875jahrekirchgoens.de\/index.php?rest_route=\/wp\/v2\/types\/post"}],"author":[{"embeddable":true,"href":"http:\/\/875jahrekirchgoens.de\/index.php?rest_route=\/wp\/v2\/users\/1"}],"replies":[{"embeddable":true,"href":"http:\/\/875jahrekirchgoens.de\/index.php?rest_route=%2Fwp%2Fv2%2Fcomments&post=14842"}],"version-history":[{"count":1,"href":"http:\/\/875jahrekirchgoens.de\/index.php?rest_route=\/wp\/v2\/posts\/14842\/revisions"}],"predecessor-version":[{"id":14845,"href":"http:\/\/875jahrekirchgoens.de\/index.php?rest_route=\/wp\/v2\/posts\/14842\/revisions\/14845"}],"wp:attachment":[{"href":"http:\/\/875jahrekirchgoens.de\/index.php?rest_route=%2Fwp%2Fv2%2Fmedia&parent=14842"}],"wp:term":[{"taxonomy":"category","embeddable":true,"href":"http:\/\/875jahrekirchgoens.de\/index.php?rest_route=%2Fwp%2Fv2%2Fcategories&post=14842"},{"taxonomy":"post_tag","embeddable":true,"href":"http:\/\/875jahrekirchgoens.de\/index.php?rest_route=%2Fwp%2Fv2%2Ftags&post=14842"}],"curies":[{"name":"wp","href":"https:\/\/api.w.org\/{rel}","templated":true}]}}