{"id":14848,"date":"2002-06-11T21:35:00","date_gmt":"2002-06-11T21:35:00","guid":{"rendered":"http:\/\/875jahrekirchgoens.de\/?p=14848"},"modified":"2024-02-03T21:38:46","modified_gmt":"2024-02-03T21:38:46","slug":"thorsten-metz-loest-rudi-weber-ab","status":"publish","type":"post","link":"http:\/\/875jahrekirchgoens.de\/?p=14848","title":{"rendered":"Thorsten Metz l\u00f6st Rudi Weber ab"},"content":{"rendered":"\n<p><em>Generationswechsel im Vorstand des Kirch-G\u00f6nser Turnvereins<\/em><\/p>\n\n\n\n<p>Beim TV Vorw\u00e4rts 1891 Kirch-G\u00f6ns hat sich im Vorstand ein Generationswechsel vollzogen. Nachfolge des langj\u00e4hrigen und verdienstvollen 1. Vorsitzenden Rudi Weber wurde in der Jahreshauptversammlung Thorsten Metz. Und als stellvertretender Vorsitzender trat Thomas Schicketanz an die Stelle seines Vaters Rudi Schicketanz, der sein Amt nach mehr als einem Dutzend Jahren ebenfalls zur Verf\u00fcgung stellte. Mit Weber und Schicketanz schieden auch die bisherigen Beisitzer Gerd H\u00e4user und G\u00fcnther Kuhn aus dem F\u00fchrungsgremium aus, dem auch sie lange Zeit angeh\u00f6rten. Die Versammlung in der Gastst\u00e4tte Maiwald er\u00f6ffnete Rudi Weber ein letztes Mal. In einer Schweigeminute wurden die im Vorjahr verstorbenen Mitglieder Karl Hofmann, Wilfried Eckardt und Wilhelm Will geehrt, die sich als aktive Handballer und Turner um den TV verdient gemacht haben. An den Bericht des 1. Vorsitzenden schlossen sich die Bilanzen der Abteilungsleiter an. Dieter Z\u00f6rb erw\u00e4hnte Platzierungen und Erfolge der Handballer, Kurt Hartig war f\u00fcr die Tischtennisabteilung zust\u00e4ndig und Thorsten Metz f\u00fcr die Freizeitfu\u00dfballer. Auch der 1. Vorsitzende der neugegr\u00fcndeten Handballspielgemeinschaft HSG Kirch-\/Pohl-G\u00f6ns\/Butzbach, R\u00fcdiger Hahn, legte eine erste kurze Bilanz vor. Einstimmig entlastet wurde der Vorstand des TV und der SG nach den Kassenberichten von Gerhard Reinhard und Torsten Klein bzw. den lobenden Kassenpr\u00fcferbilanzen von J\u00fcrgen Nern und Wilfried Cott, Harald Eckhard und Janina J\u00e4ger. Unter der Wahlleitung von Ortsvorsteher Peter Braasch, der der \u201ealten Garde\u201c herzlich f\u00fcr das uneigenn\u00fctzige und ehrenamtliche Wirken zugunsten des Sports und der Dorfgemeinschaft dankte, wurde der neue Vorstand konstituiert. Es kam dabei zu den folgenden einstimmigen Ergebnissen: 1. Vorsitzender Thorsten Metz, 2. Vorsitzender Thomas Schicketanz, 1. Schriftf\u00fchrer Jens-Uwe Rau, 2. Schriftf\u00fchrer: Marco Reinhard, 1. Kassierer Gerhard Reinhard, 2. Kassierer Torsten Klein, Handwallwart Dieter Z\u00f6rb, Jugendwart Willi Calling, Tischtenniswart Kurt Hartig, Turnwartin Rosi Schallau, Freizeitsportwart Michael Raschke, Pressewart Helmut D\u00f6rr, Beisitzer: Horst Hunger, Edith Weber, Werner G\u00e4rtner und Eckard Jung. Insbesondere begr\u00fc\u00dfte Vorsitzender Metz mit den besten W\u00fcnschen auf gute Zusammenarbeit die neuen Vorstandsmitglieder Rosi Schallau, Michael Raschke und Eckard Jung. Kassenpr\u00fcfer wurden Klaus J\u00fcrgen Heiden und Thorsten R\u00f6hrig f\u00fcr den TV sowie Stefanie G\u00e4rtner und Markus Lex f\u00fcr die SG. Dann standen Mitgliederehrungen auf dem Programm. 25 Jahre im Verein sind Roland Kl\u00f6s, Joachim M\u00fcller, Manfred Binzer und Volker Wagner. 40 Jahre Klaus J\u00fcrgen Heiden, Friedel Nern, Werner Schmidt, Werner G\u00e4rtner, Lothar R\u00f6hrig und Richard Schepp. F\u00fcr sie gab es die Vereinsnadeln in Bronze bzw. in Silber. Abschlie\u00dfend stelle Schriftf\u00fchrer Jens Uwe Rau die neue Internetpr\u00e4senz des Turnvereins vor. Der TV Kirch-G\u00f6ns ist unter Adresse \u201e<a href=\"http:\/\/www.tv-kirch-goens.de\">www.tv-kirch-goens.de<\/a>\u201c erreichbar. Auf der Homepage werden unter anderem alles Sparten und Sportarten mit Trainingszeiten und Ansprechpartnern genannt. In seinem Schlusswort dankte der neue Vorsitzende noch einmal seinem Vorg\u00e4nger Rudi Weber, der dem TV-Vorstand 30 Jahre angeh\u00f6rte, Rudi Schicketanz, der es auf 26 Jahre im TV-Vorstand brachte, Gerd H\u00e4user (14 Jahre) und G\u00fcnter Kuhn (10 Jahre). In den vergangenen Jahren h\u00e4tten sie vorbildliche Arbeit f\u00fcr den TV, aber auch als Spieler, Trainer und Betreuer jede Menge Einsatz f\u00fcr den Handball geleistet. F\u00fcr den Ruhestand nach dem einsatzreichen Vereinsleben w\u00fcnscht er allen eine sch\u00f6ne Zeit und viel Gesundheit.<\/p>\n\n\n\n<p>Quelle und Bilder: Butzbacher Zeitung vom 11. Juni 2002<\/p>\n\n\n\n<p>Das neue F\u00fchrungsduo des TV Kirch-G\u00f6ns, Vorsitzender Thorsten Metz (jeweils 2. v. r.) und sein Stellvertreter Thomas Schicketanz (r.), nahmen in der Jahreshauptversammlung die Ehrungen langgedienter Mitglieder vor.<\/p>\n\n\n\n<figure class=\"wp-block-gallery has-nested-images columns-default is-cropped wp-block-gallery-1 is-layout-flex wp-block-gallery-is-layout-flex\">\n<figure class=\"wp-block-image size-large\"><img loading=\"lazy\" decoding=\"async\" width=\"635\" height=\"480\" data-id=\"14849\" src=\"http:\/\/875jahrekirchgoens.de\/wp-content\/uploads\/2024\/02\/Metz-2002-Bild1.jpg\" alt=\"\" class=\"wp-image-14849\" srcset=\"http:\/\/875jahrekirchgoens.de\/wp-content\/uploads\/2024\/02\/Metz-2002-Bild1.jpg 635w, http:\/\/875jahrekirchgoens.de\/wp-content\/uploads\/2024\/02\/Metz-2002-Bild1-300x227.jpg 300w\" sizes=\"auto, (max-width: 635px) 100vw, 635px\" \/><figcaption class=\"wp-element-caption\">Klaus Heiden (l.) und Werner G\u00e4rtner (2. v. l.) bei der Ehrung f\u00fcr 40j\u00e4hrige Mitgliedschaft. <\/figcaption><\/figure>\n\n\n\n<figure class=\"wp-block-image size-large\"><img loading=\"lazy\" decoding=\"async\" width=\"639\" height=\"480\" data-id=\"14850\" src=\"http:\/\/875jahrekirchgoens.de\/wp-content\/uploads\/2024\/02\/Metz-2002-Bild2.jpg\" alt=\"\" class=\"wp-image-14850\" srcset=\"http:\/\/875jahrekirchgoens.de\/wp-content\/uploads\/2024\/02\/Metz-2002-Bild2.jpg 639w, http:\/\/875jahrekirchgoens.de\/wp-content\/uploads\/2024\/02\/Metz-2002-Bild2-300x225.jpg 300w\" sizes=\"auto, (max-width: 639px) 100vw, 639px\" \/><figcaption class=\"wp-element-caption\">Roland Kl\u00f6s (l.), Volker Wagner (2. v. l.) und Joachim M\u00fcller (Mitte) bei der Ehrung f\u00fcr 25j\u00e4hrige Zugeh\u00f6rigkeit zum TV<\/figcaption><\/figure>\n<\/figure>\n","protected":false},"excerpt":{"rendered":"<p>Generationswechsel im Vorstand des Kirch-G\u00f6nser Turnvereins Beim TV Vorw\u00e4rts 1891 Kirch-G\u00f6ns hat sich im Vorstand ein Generationswechsel vollzogen. Nachfolge des langj\u00e4hrigen und verdienstvollen 1. Vorsitzenden Rudi Weber wurde in der Jahreshauptversammlung Thorsten Metz. Und als stellvertretender Vorsitzender trat Thomas Schicketanz an die Stelle seines Vaters Rudi Schicketanz, der sein Amt nach mehr als einem Dutzend &#8230; <a title=\"Thorsten Metz l\u00f6st Rudi Weber ab\" class=\"read-more\" href=\"http:\/\/875jahrekirchgoens.de\/?p=14848\" aria-label=\"Mehr Informationen \u00fcber Thorsten Metz l\u00f6st Rudi Weber ab\">Weiterlesen<\/a><\/p>\n","protected":false},"author":1,"featured_media":0,"comment_status":"closed","ping_status":"open","sticky":false,"template":"","format":"standard","meta":{"footnotes":""},"categories":[1],"tags":[],"class_list":["post-14848","post","type-post","status-publish","format-standard","hentry","category-infos"],"_links":{"self":[{"href":"http:\/\/875jahrekirchgoens.de\/index.php?rest_route=\/wp\/v2\/posts\/14848","targetHints":{"allow":["GET"]}}],"collection":[{"href":"http:\/\/875jahrekirchgoens.de\/index.php?rest_route=\/wp\/v2\/posts"}],"about":[{"href":"http:\/\/875jahrekirchgoens.de\/index.php?rest_route=\/wp\/v2\/types\/post"}],"author":[{"embeddable":true,"href":"http:\/\/875jahrekirchgoens.de\/index.php?rest_route=\/wp\/v2\/users\/1"}],"replies":[{"embeddable":true,"href":"http:\/\/875jahrekirchgoens.de\/index.php?rest_route=%2Fwp%2Fv2%2Fcomments&post=14848"}],"version-history":[{"count":1,"href":"http:\/\/875jahrekirchgoens.de\/index.php?rest_route=\/wp\/v2\/posts\/14848\/revisions"}],"predecessor-version":[{"id":14851,"href":"http:\/\/875jahrekirchgoens.de\/index.php?rest_route=\/wp\/v2\/posts\/14848\/revisions\/14851"}],"wp:attachment":[{"href":"http:\/\/875jahrekirchgoens.de\/index.php?rest_route=%2Fwp%2Fv2%2Fmedia&parent=14848"}],"wp:term":[{"taxonomy":"category","embeddable":true,"href":"http:\/\/875jahrekirchgoens.de\/index.php?rest_route=%2Fwp%2Fv2%2Fcategories&post=14848"},{"taxonomy":"post_tag","embeddable":true,"href":"http:\/\/875jahrekirchgoens.de\/index.php?rest_route=%2Fwp%2Fv2%2Ftags&post=14848"}],"curies":[{"name":"wp","href":"https:\/\/api.w.org\/{rel}","templated":true}]}}