{"id":14863,"date":"2024-02-03T11:16:50","date_gmt":"2024-02-03T11:16:50","guid":{"rendered":"http:\/\/875jahrekirchgoens.de\/?p=14863"},"modified":"2024-02-11T11:17:51","modified_gmt":"2024-02-11T11:17:51","slug":"gluehwein-rast","status":"publish","type":"post","link":"http:\/\/875jahrekirchgoens.de\/?p=14863","title":{"rendered":"Gl\u00fchwein-Rast"},"content":{"rendered":"\n<p>Das Gambacher Waldhaus ist Zwischenstation einer Wanderung des Wander- und Radfahrclubs Kirch-G\u00f6ns gewesen. Ziel war die B\u00fcrgerhaus-Gastst\u00e4tte in Gambach. Am Waldhaus wurde eine Rast eingelegt, die mit Gl\u00fchwein und Laugenbrezeln abgerundet wurde.<\/p>\n\n\n\n<p>Quelle und Bild: Butzbacher Zeitung vom 3. Februar 2024<\/p>\n\n\n\n<figure class=\"wp-block-image size-full is-resized\"><img loading=\"lazy\" decoding=\"async\" width=\"455\" height=\"192\" src=\"http:\/\/875jahrekirchgoens.de\/wp-content\/uploads\/2024\/02\/Gluehwein-Bild1.png\" alt=\"\" class=\"wp-image-14864\" style=\"width:820px;height:auto\" srcset=\"http:\/\/875jahrekirchgoens.de\/wp-content\/uploads\/2024\/02\/Gluehwein-Bild1.png 455w, http:\/\/875jahrekirchgoens.de\/wp-content\/uploads\/2024\/02\/Gluehwein-Bild1-300x127.png 300w\" sizes=\"auto, (max-width: 455px) 100vw, 455px\" \/><\/figure>\n","protected":false},"excerpt":{"rendered":"<p>Das Gambacher Waldhaus ist Zwischenstation einer Wanderung des Wander- und Radfahrclubs Kirch-G\u00f6ns gewesen. Ziel war die B\u00fcrgerhaus-Gastst\u00e4tte in Gambach. Am Waldhaus wurde eine Rast eingelegt, die mit Gl\u00fchwein und Laugenbrezeln abgerundet wurde. Quelle und Bild: Butzbacher Zeitung vom 3. Februar 2024<\/p>\n","protected":false},"author":1,"featured_media":0,"comment_status":"closed","ping_status":"open","sticky":false,"template":"","format":"standard","meta":{"footnotes":""},"categories":[1],"tags":[],"class_list":["post-14863","post","type-post","status-publish","format-standard","hentry","category-infos"],"_links":{"self":[{"href":"http:\/\/875jahrekirchgoens.de\/index.php?rest_route=\/wp\/v2\/posts\/14863","targetHints":{"allow":["GET"]}}],"collection":[{"href":"http:\/\/875jahrekirchgoens.de\/index.php?rest_route=\/wp\/v2\/posts"}],"about":[{"href":"http:\/\/875jahrekirchgoens.de\/index.php?rest_route=\/wp\/v2\/types\/post"}],"author":[{"embeddable":true,"href":"http:\/\/875jahrekirchgoens.de\/index.php?rest_route=\/wp\/v2\/users\/1"}],"replies":[{"embeddable":true,"href":"http:\/\/875jahrekirchgoens.de\/index.php?rest_route=%2Fwp%2Fv2%2Fcomments&post=14863"}],"version-history":[{"count":1,"href":"http:\/\/875jahrekirchgoens.de\/index.php?rest_route=\/wp\/v2\/posts\/14863\/revisions"}],"predecessor-version":[{"id":14865,"href":"http:\/\/875jahrekirchgoens.de\/index.php?rest_route=\/wp\/v2\/posts\/14863\/revisions\/14865"}],"wp:attachment":[{"href":"http:\/\/875jahrekirchgoens.de\/index.php?rest_route=%2Fwp%2Fv2%2Fmedia&parent=14863"}],"wp:term":[{"taxonomy":"category","embeddable":true,"href":"http:\/\/875jahrekirchgoens.de\/index.php?rest_route=%2Fwp%2Fv2%2Fcategories&post=14863"},{"taxonomy":"post_tag","embeddable":true,"href":"http:\/\/875jahrekirchgoens.de\/index.php?rest_route=%2Fwp%2Fv2%2Ftags&post=14863"}],"curies":[{"name":"wp","href":"https:\/\/api.w.org\/{rel}","templated":true}]}}