{"id":14868,"date":"2021-11-16T11:19:00","date_gmt":"2021-11-16T11:19:00","guid":{"rendered":"http:\/\/875jahrekirchgoens.de\/?p=14868"},"modified":"2024-02-11T11:20:13","modified_gmt":"2024-02-11T11:20:13","slug":"weihnachtsmarkt-in-kirch-goens-wurde-abgesagt","status":"publish","type":"post","link":"http:\/\/875jahrekirchgoens.de\/?p=14868","title":{"rendered":"Weihnachtsmarkt in Kirch-G\u00f6ns wurde abgesagt"},"content":{"rendered":"\n<p>Leider wird der traditionelle Weihnachtsmarkt in Kirch-G\u00f6ns auch in diesem Jahr ausfallen. Nach langer \u00dcberlegung, Gespr\u00e4chen mit Stadt und B\u00fcrgermeister, sowie den zahlreichen Standbetreibern, hat der Organisationsausschuss des TV Vorw\u00e4rts Kirch-G\u00f6ns beschlossen den Weihnachtsmarkt aus gegebenem Anlass ausfallen zu lassen. Die Verantwortung f\u00fcr die Gesundheit der G\u00e4ste stehe dabei ganz oben auf der Liste und d\u00fcrfe in keinem Fall gef\u00e4hrdet werden. Auf Grund der bestehenden und k\u00fcrzlich nochmal versch\u00e4rften Corona-Beschr\u00e4nkungen sei eine sichere Durchf\u00fchrung des Weihnachtsmarktes ohne physische Absperrung nicht m\u00f6glich. Zudem h\u00e4tten schon im Vorfeld einige, darunter auch Hauptbeteiligte und Standbetreiber abgesagt, was eine klassische Durchf\u00fchrung auch ohne Corona\u00adPandemie schwerer, als in \u201enormalen Jahren gemacht h\u00e4tte. Trotz der pandemischen Lage, werden jedoch wie letztes Jahr kleine Geschenke in den ortsans\u00e4ssigen Kinderg\u00e4rten und in der G\u00f6nser Grundschule an die Kinder verteilt. Die Mitglieder des Organisationsausschusses entschuldigen sich bei allen treuen G\u00e4sten, Standbetreibern und allen anderen Beteiligten. Sie hoffen, im n\u00e4chsten Jahr einen halbwegs normalen Weihnachtsmarkt veranstalten zu k\u00f6nnen.<\/p>\n\n\n\n<p>Quelle: Butzbacher Zeitung vom 16. November 2021<\/p>\n","protected":false},"excerpt":{"rendered":"<p>Leider wird der traditionelle Weihnachtsmarkt in Kirch-G\u00f6ns auch in diesem Jahr ausfallen. Nach langer \u00dcberlegung, Gespr\u00e4chen mit Stadt und B\u00fcrgermeister, sowie den zahlreichen Standbetreibern, hat der Organisationsausschuss des TV Vorw\u00e4rts Kirch-G\u00f6ns beschlossen den Weihnachtsmarkt aus gegebenem Anlass ausfallen zu lassen. Die Verantwortung f\u00fcr die Gesundheit der G\u00e4ste stehe dabei ganz oben auf der Liste und &#8230; <a title=\"Weihnachtsmarkt in Kirch-G\u00f6ns wurde abgesagt\" class=\"read-more\" href=\"http:\/\/875jahrekirchgoens.de\/?p=14868\" aria-label=\"Mehr Informationen \u00fcber Weihnachtsmarkt in Kirch-G\u00f6ns wurde abgesagt\">Weiterlesen<\/a><\/p>\n","protected":false},"author":1,"featured_media":0,"comment_status":"closed","ping_status":"open","sticky":false,"template":"","format":"standard","meta":{"footnotes":""},"categories":[1],"tags":[],"class_list":["post-14868","post","type-post","status-publish","format-standard","hentry","category-infos"],"_links":{"self":[{"href":"http:\/\/875jahrekirchgoens.de\/index.php?rest_route=\/wp\/v2\/posts\/14868","targetHints":{"allow":["GET"]}}],"collection":[{"href":"http:\/\/875jahrekirchgoens.de\/index.php?rest_route=\/wp\/v2\/posts"}],"about":[{"href":"http:\/\/875jahrekirchgoens.de\/index.php?rest_route=\/wp\/v2\/types\/post"}],"author":[{"embeddable":true,"href":"http:\/\/875jahrekirchgoens.de\/index.php?rest_route=\/wp\/v2\/users\/1"}],"replies":[{"embeddable":true,"href":"http:\/\/875jahrekirchgoens.de\/index.php?rest_route=%2Fwp%2Fv2%2Fcomments&post=14868"}],"version-history":[{"count":1,"href":"http:\/\/875jahrekirchgoens.de\/index.php?rest_route=\/wp\/v2\/posts\/14868\/revisions"}],"predecessor-version":[{"id":14869,"href":"http:\/\/875jahrekirchgoens.de\/index.php?rest_route=\/wp\/v2\/posts\/14868\/revisions\/14869"}],"wp:attachment":[{"href":"http:\/\/875jahrekirchgoens.de\/index.php?rest_route=%2Fwp%2Fv2%2Fmedia&parent=14868"}],"wp:term":[{"taxonomy":"category","embeddable":true,"href":"http:\/\/875jahrekirchgoens.de\/index.php?rest_route=%2Fwp%2Fv2%2Fcategories&post=14868"},{"taxonomy":"post_tag","embeddable":true,"href":"http:\/\/875jahrekirchgoens.de\/index.php?rest_route=%2Fwp%2Fv2%2Ftags&post=14868"}],"curies":[{"name":"wp","href":"https:\/\/api.w.org\/{rel}","templated":true}]}}