{"id":14871,"date":"2021-12-13T11:23:00","date_gmt":"2021-12-13T11:23:00","guid":{"rendered":"http:\/\/875jahrekirchgoens.de\/?p=14871"},"modified":"2024-02-11T11:26:18","modified_gmt":"2024-02-11T11:26:18","slug":"eine-grosse-ueberraschung-gab-es-fuer-245-kinder","status":"publish","type":"post","link":"http:\/\/875jahrekirchgoens.de\/?p=14871","title":{"rendered":"Eine gro\u00dfe \u00dcberraschung gab es f\u00fcr 245 Kinder \u2026"},"content":{"rendered":"\n<p>\u2026 in Kirch- und Pohl-G\u00f6ns am Freitag, Nikolaus kam in die Kindertagesst\u00e4tte \u201eSonnenschein\u201c in Pohl-G\u00f6ns (oberes linkes Foto), in die Kita in Kirch-G\u00f6ns (oberes rechtes Foto) und in die G\u00f6nser Grundschule (unteres Foto) und \u00fcberreichte vom Organisationsteam des Kirch-G\u00f6nser Weihnachtsmarktes Geschenke. Es war eine Entsch\u00e4digung daf\u00fcr, dass der Weihnachtsmarkt coronabedingt auch in diesem Jahr ausfallen musste.<\/p>\n\n\n\n<p>Quelle und Bilder: Butzbacher Zeitung vom 13. Dezember 2021<\/p>\n\n\n\n<figure class=\"wp-block-image size-full is-resized\"><img loading=\"lazy\" decoding=\"async\" width=\"345\" height=\"283\" src=\"http:\/\/875jahrekirchgoens.de\/wp-content\/uploads\/2024\/02\/Ueberraschung-Bild1.png\" alt=\"\" class=\"wp-image-14872\" style=\"width:528px;height:auto\" srcset=\"http:\/\/875jahrekirchgoens.de\/wp-content\/uploads\/2024\/02\/Ueberraschung-Bild1.png 345w, http:\/\/875jahrekirchgoens.de\/wp-content\/uploads\/2024\/02\/Ueberraschung-Bild1-300x246.png 300w\" sizes=\"auto, (max-width: 345px) 100vw, 345px\" \/><\/figure>\n","protected":false},"excerpt":{"rendered":"<p>\u2026 in Kirch- und Pohl-G\u00f6ns am Freitag, Nikolaus kam in die Kindertagesst\u00e4tte \u201eSonnenschein\u201c in Pohl-G\u00f6ns (oberes linkes Foto), in die Kita in Kirch-G\u00f6ns (oberes rechtes Foto) und in die G\u00f6nser Grundschule (unteres Foto) und \u00fcberreichte vom Organisationsteam des Kirch-G\u00f6nser Weihnachtsmarktes Geschenke. Es war eine Entsch\u00e4digung daf\u00fcr, dass der Weihnachtsmarkt coronabedingt auch in diesem Jahr ausfallen &#8230; <a title=\"Eine gro\u00dfe \u00dcberraschung gab es f\u00fcr 245 Kinder \u2026\" class=\"read-more\" href=\"http:\/\/875jahrekirchgoens.de\/?p=14871\" aria-label=\"Mehr Informationen \u00fcber Eine gro\u00dfe \u00dcberraschung gab es f\u00fcr 245 Kinder \u2026\">Weiterlesen<\/a><\/p>\n","protected":false},"author":1,"featured_media":0,"comment_status":"closed","ping_status":"open","sticky":false,"template":"","format":"standard","meta":{"footnotes":""},"categories":[1],"tags":[],"class_list":["post-14871","post","type-post","status-publish","format-standard","hentry","category-infos"],"_links":{"self":[{"href":"http:\/\/875jahrekirchgoens.de\/index.php?rest_route=\/wp\/v2\/posts\/14871","targetHints":{"allow":["GET"]}}],"collection":[{"href":"http:\/\/875jahrekirchgoens.de\/index.php?rest_route=\/wp\/v2\/posts"}],"about":[{"href":"http:\/\/875jahrekirchgoens.de\/index.php?rest_route=\/wp\/v2\/types\/post"}],"author":[{"embeddable":true,"href":"http:\/\/875jahrekirchgoens.de\/index.php?rest_route=\/wp\/v2\/users\/1"}],"replies":[{"embeddable":true,"href":"http:\/\/875jahrekirchgoens.de\/index.php?rest_route=%2Fwp%2Fv2%2Fcomments&post=14871"}],"version-history":[{"count":1,"href":"http:\/\/875jahrekirchgoens.de\/index.php?rest_route=\/wp\/v2\/posts\/14871\/revisions"}],"predecessor-version":[{"id":14873,"href":"http:\/\/875jahrekirchgoens.de\/index.php?rest_route=\/wp\/v2\/posts\/14871\/revisions\/14873"}],"wp:attachment":[{"href":"http:\/\/875jahrekirchgoens.de\/index.php?rest_route=%2Fwp%2Fv2%2Fmedia&parent=14871"}],"wp:term":[{"taxonomy":"category","embeddable":true,"href":"http:\/\/875jahrekirchgoens.de\/index.php?rest_route=%2Fwp%2Fv2%2Fcategories&post=14871"},{"taxonomy":"post_tag","embeddable":true,"href":"http:\/\/875jahrekirchgoens.de\/index.php?rest_route=%2Fwp%2Fv2%2Ftags&post=14871"}],"curies":[{"name":"wp","href":"https:\/\/api.w.org\/{rel}","templated":true}]}}