{"id":14876,"date":"2021-09-04T11:26:00","date_gmt":"2021-09-04T11:26:00","guid":{"rendered":"http:\/\/875jahrekirchgoens.de\/?p=14876"},"modified":"2024-02-11T11:29:16","modified_gmt":"2024-02-11T11:29:16","slug":"19-jahre-lang-segensreich-mit-humor-und-offenheit-in-kirch-und-pohl-goens","status":"publish","type":"post","link":"http:\/\/875jahrekirchgoens.de\/?p=14876","title":{"rendered":"19 Jahre lang segensreich mit Humor und Offenheit in Kirch- und Pohl-G\u00f6ns"},"content":{"rendered":"\n<p><em>Pfarrer William Thum in den Ruhestand verabschiedet \/ Marionette mit Esel-Handpuppe zum Abschied<\/em><\/p>\n\n\n\n<p>Nach 19 Jahren Dienst in den evangelischen Kirchengemeinden Kirch- und Pohl\u00ad G\u00f6ns und rund 30 Jahren Pfarrer in der Region, zuvor in Ostheim, wurde Pfarrer William Thum am 15. August im Rahmen eines Festgottessdienstes in der Kirch-G\u00f6nser Kirche von Propst Matthias Schmidt von seinem Dienst entpflichtet und in den Ruhe\u00ad stand verabschiedet.<\/p>\n\n\n\n<p>In seiner let2.ten offiziellen Predigt, eingebunden in die Bibelverse aus dem 1. Korinther 13, ,,Das hohe Lied der Liebe&#8220;, brachte r in dank\u00ad barer Weise all seine Gedanken zur Gemeinde, zur Familie, zum Handeln und seinem Wirken zum Aus\u00ad druck. Er zeigte an seinem eigenen eben und seiner Familie auf, wie Bibelverse oder auch Lieder einen Menschen ein Leben lang begleiten und st\u00e4rken k\u00f6nnen. Pfarrer i.R. Otto Seesemann und Lutz Herbei \u00fcberbrachten pers\u00f6nliche Dankes- und Segensw\u00fcnsche. Auch die stellvertretende Dekanin Pfarrerin Kerstin Tenho1te zitierte in einer ausf\u00fchrlichen und treffenden Laudatio das segensreiche Wirken, das Engagement das seelsorgerische Handeln von Thum in seiner Dienstzeit und dankte mit Segensw\u00fcnschen auch im Namen von Dekan Volkhard Guth. Da aufgrund der coronabedingten Hygieneregeln nur eine begrenzte Personenzahl am Gottesdienst in der Kirche teilnehmen konnte, wurde der Gottesdienst per Lautsprecher auch auf den Platz vor der Kirche \u00fcbertragen. Viele Gemeindemitglieder hatten sich dort eingefunden, um am Gottesdienst teilzunehmen. Beim Auszug aus der Kirche war Pfarrer Thum \u00fcberw\u00e4ltigt, zum einen von dem Spalier der Feuerwehr und von der Menschenmenge, die sich eingefunden hatte, um Danke zu sagen. Zum anschlie\u00dfenden Empfang hatten die beiden Kirchenvorst\u00e4nde in und um das Gemeindehaus in Kirch\u00ad G\u00f6ns eingeladen. F\u00fcr das leibliche Wohl hatten die Kirchenvorst\u00e4nde zu einem Imbiss und Getr\u00e4nke sowie zu Kuchen und Kaffee eingeladen. Er\u00f6ffnet wurde der Empfang instrumental und mit Gesang von Anna Stehr, Carolin Ratz, Nils Henkel, Florian Ilge und Lukas Brandenburger. Bernhard Dern, der Vorsitzende des Pohl-G\u00f6nser Kirchenvorstandes, begr\u00fc\u00dfte die G\u00e4ste. Dern brachte zum Ausdruck, dass es sehr schwierig war in der derzeitigen Pandemiezeit und den sich st\u00e4ndig \u00e4ndernden Vorschriften und Vorgaben, den machbaren Rahmen f\u00fcr den Empfang zu finden. Zuerst bedankte er sich im Namen der beiden Vorsitzenden und der Kirchenvorst\u00e4nde bei Thum f\u00fcr sein \u00fcber19-j\u00e4hriges seelsorgerisches Wirken in Kirch\u00ad und Pohl-G\u00f6ns und stellte fest, dass sein Herz \u00fcber all die Jahre seines Wirkens f\u00fcr die beiden Kirchengemeinden geschlagen habe. Es folgten Gru\u00dfworte der geladenen G\u00e4ste, die gespickt waren mit zahlreichen Anekdoten und herzlichen Dankesworten. Die Offenheit des Seelsorgers, sowie sein Humor stie\u00df bei den Gru\u00dfworten ebenso auf ein heiliges Lob. Das gab es auch vom ehemaligen katholischen Pfarrer i.R. Eberhard Heinz, der die Freundlichkeit und Einf\u00fchlsamkeit des evangelischen Pfarrers w\u00fcrdigte und seine F\u00e4higkeit, zur \u00d6kumene beider Konfessionen beizutragen. \u201eSie haben immer den richtigen Ton getroffen, tiefe Spuren hinterlassen und sich in die Herzen der Gemeindemitglieder eingegraben&#8220;, so Butzbachs B\u00fcrgermeister Merle. Nach einer weiteren musikalischen Darbietung kamen die beiden Kirchenvorstands-Vorsitzenden, Dieter Meier und Bernhard Dern, zu Wort. Zum Thema: \u201eWir hatten da mal einen Pfarrer&#8220;, zelebrierten beide in einem Dialog Gespr\u00e4ch zu Begebenheiten und Themen zur Dienstzeit in Kirch- und Pohl-G\u00f6ns. Danach kamen alle Kirchenvorsteher zu Wort und bekundeten einen pers\u00f6nlichen Wunsch zum Ruhestand an Thum. Pfarrer Thum \u00e4u\u00dferte vorab den Wunsch, auf Geschenke zu verzichten und stattdessen das Albert\u00ad Schweitzer-Kinderdorf in Wetzlar mit einer Spende zu bedenken. Die beiden Kirchenvorst\u00e4ndespendeten jewei1s einen Betrag von 500 Euro, der noch durch die Kollekte des Festgottesdienstes aufgestockt wurde. Dennoch verzichteten die Kirchenvorst\u00e4nde nicht auf ein pers\u00f6nliches Geschenk. Sie lie\u00dfen eine Marionette seines Ebenbildes anfertigen: Pfarrer Thum mit einer Eselpuppe in der Hand. Die \u00dcbergabe erfolgte mit einer Auff\u00fchrung, vorgetragen von Kirchenvorsteher &#8222;Roland Olfe, in der der Pfarrer im Dialogmit dem Esel f\u00fcr kurzweilige Unterhaltung sorgte. Pfarrer Thum, bekannt f\u00fcr seine gro\u00dfe Handpuppensammlung, die er regelm\u00e4\u00dfig in Gottesdiensten und in der Kita Sonnenschein zum Einsatz brachte, freute sich sichtlich \u00fcber das Geschenk. Der offizielle Teil des Empfangs wurde von Pfarrer Thum beendet, der seinen herzlichen Dank an alle Redner sowie an alle Anwesenden zum Ausdruck brachte. Insgesamt war es ein herzlicher und fr\u00f6hlicher, aber auch ein wehm\u00fctiger Abschied. Denn nun ist Pfarrer Thum im Ruhestand.<\/p>\n\n\n\n<p>Quelle und Bilder: Butzbacher Zeitung vom 4. September 2021<\/p>\n\n\n\n<p>Propst Matthias Schmidt entpflichtete Pfarrer William Thum von seinen Aufgaben als Pfarrer in Kirch- und Pohl-G\u00f6ns (linkes Foto). Das rechte Foto zeigt den Neu-Ruhest\u00e4ndler Thum mit seiner Frau Ilka<\/p>\n\n\n\n<figure class=\"wp-block-gallery has-nested-images columns-default is-cropped wp-block-gallery-1 is-layout-flex wp-block-gallery-is-layout-flex\">\n<figure class=\"wp-block-image size-large\"><img loading=\"lazy\" decoding=\"async\" width=\"273\" height=\"187\" data-id=\"14877\" src=\"http:\/\/875jahrekirchgoens.de\/wp-content\/uploads\/2024\/02\/Thum-Bild1.png\" alt=\"\" class=\"wp-image-14877\"\/><\/figure>\n\n\n\n<figure class=\"wp-block-image size-large\"><img loading=\"lazy\" decoding=\"async\" width=\"259\" height=\"188\" data-id=\"14878\" src=\"http:\/\/875jahrekirchgoens.de\/wp-content\/uploads\/2024\/02\/Thum-Bild2.png\" alt=\"\" class=\"wp-image-14878\"\/><\/figure>\n<\/figure>\n","protected":false},"excerpt":{"rendered":"<p>Pfarrer William Thum in den Ruhestand verabschiedet \/ Marionette mit Esel-Handpuppe zum Abschied Nach 19 Jahren Dienst in den evangelischen Kirchengemeinden Kirch- und Pohl\u00ad G\u00f6ns und rund 30 Jahren Pfarrer in der Region, zuvor in Ostheim, wurde Pfarrer William Thum am 15. August im Rahmen eines Festgottessdienstes in der Kirch-G\u00f6nser Kirche von Propst Matthias Schmidt &#8230; <a title=\"19 Jahre lang segensreich mit Humor und Offenheit in Kirch- und Pohl-G\u00f6ns\" class=\"read-more\" href=\"http:\/\/875jahrekirchgoens.de\/?p=14876\" aria-label=\"Mehr Informationen \u00fcber 19 Jahre lang segensreich mit Humor und Offenheit in Kirch- und Pohl-G\u00f6ns\">Weiterlesen<\/a><\/p>\n","protected":false},"author":1,"featured_media":0,"comment_status":"closed","ping_status":"open","sticky":false,"template":"","format":"standard","meta":{"footnotes":""},"categories":[1],"tags":[],"class_list":["post-14876","post","type-post","status-publish","format-standard","hentry","category-infos"],"_links":{"self":[{"href":"http:\/\/875jahrekirchgoens.de\/index.php?rest_route=\/wp\/v2\/posts\/14876","targetHints":{"allow":["GET"]}}],"collection":[{"href":"http:\/\/875jahrekirchgoens.de\/index.php?rest_route=\/wp\/v2\/posts"}],"about":[{"href":"http:\/\/875jahrekirchgoens.de\/index.php?rest_route=\/wp\/v2\/types\/post"}],"author":[{"embeddable":true,"href":"http:\/\/875jahrekirchgoens.de\/index.php?rest_route=\/wp\/v2\/users\/1"}],"replies":[{"embeddable":true,"href":"http:\/\/875jahrekirchgoens.de\/index.php?rest_route=%2Fwp%2Fv2%2Fcomments&post=14876"}],"version-history":[{"count":1,"href":"http:\/\/875jahrekirchgoens.de\/index.php?rest_route=\/wp\/v2\/posts\/14876\/revisions"}],"predecessor-version":[{"id":14879,"href":"http:\/\/875jahrekirchgoens.de\/index.php?rest_route=\/wp\/v2\/posts\/14876\/revisions\/14879"}],"wp:attachment":[{"href":"http:\/\/875jahrekirchgoens.de\/index.php?rest_route=%2Fwp%2Fv2%2Fmedia&parent=14876"}],"wp:term":[{"taxonomy":"category","embeddable":true,"href":"http:\/\/875jahrekirchgoens.de\/index.php?rest_route=%2Fwp%2Fv2%2Fcategories&post=14876"},{"taxonomy":"post_tag","embeddable":true,"href":"http:\/\/875jahrekirchgoens.de\/index.php?rest_route=%2Fwp%2Fv2%2Ftags&post=14876"}],"curies":[{"name":"wp","href":"https:\/\/api.w.org\/{rel}","templated":true}]}}