{"id":14885,"date":"2021-08-12T11:34:00","date_gmt":"2021-08-12T11:34:00","guid":{"rendered":"http:\/\/875jahrekirchgoens.de\/?p=14885"},"modified":"2024-02-11T11:36:54","modified_gmt":"2024-02-11T11:36:54","slug":"pfarrer-william-thum-geht-nach-dreissig-jahren-in-den-ruhestand","status":"publish","type":"post","link":"http:\/\/875jahrekirchgoens.de\/?p=14885","title":{"rendered":"Pfarrer William Thum geht nach drei\u00dfig Jahren in den Ruhestand"},"content":{"rendered":"\n<p><em>Am Sonntag, 15. August Festgottesdienst, anschlie\u00dfend Empfang im Gemeindehaus Kirch-G\u00f6ns<\/em><\/p>\n\n\n\n<p>Jeden Morgen hat sich Pfarrer William Thum in den vergangenen Wochen und Monaten seit dem Start der Corona\u00ad Pandemie einen kurzen Impuls \u00fcberlegt und ihn mit einem passenden Musiktitel per Messenger-Dienst an Gemeindeglieder, Freunde und Bekannte verschickt. Den letzten \u201eCorona-Impuls&#8220; wird es am15.August geben, Dann verabschiedet sich William Thum in den Ruhestand. Rund 30Jahre war er Pfarrerin der Region Butzbach, zun\u00e4chst in der Evangelischen Kirchengemeinde Ostheim, seit 2002 in Kirch- und Pohl-G\u00f6ns. \u201eDass ich mal so lange Pfarrersein werde, h\u00e4tte ich als jugendlicher nichtgedacht&#8220;, sagt Thum. Denn damals hatte er keinen guten Draht zur Kirche: \u201eMeinen Konfirmandenunterricht habe ich abgebrochen, weil ich mit dem Pfarrer nicht zurechtgekommen bin&#8220;, erz\u00e4hlt er. \u201eErst mit 18 Jahren habe ich mich taufen lassen.&#8220; Es folgten ein Theologiestudium in Frankfurt und Bonn, erste Erfahrungen in den Gemeinden Frankfurt-Nieder-Eschbach und Mainz-Laubenheim sowie ein Spezialpraktikum in der Lepperm\u00fchle in Buseck, das den Pfarrer bis heute pr\u00e4gt. \u201eDort habe ich mit psychisch kranken Kindern und Jugendlichen gearbeitet und unheimlich viel gelernt. Die Arbeit mit Kindern und Jugendlichen macht Pfarrer Thum bis heute viel Freude, etwa in den Konfi-Stunden oder beim Religionsunterricht. \u201eZu vielen ehemaligen Konfirmanden habe ich noch Kontakt.&#8220; Und er muss feststellen: \u201eDie Zahl der Jugendlichen mit seelischen Problemen hat in den vergangenen 10 bis 12 Jahren stark zugenommen. Das finde ich erschreckend.&#8220; Oft wenden sich Jugendliebe mit Problemen im Vertrauen an ihn. Interessant war f\u00fcr Thum auch die Zeit als Dekan im fr\u00fcheren Dekanat Butzbach Ende der 90er Jahre. Seit der letzten Wahl sitzt er au\u00dferdem in der Kirchensynode der EKHN. \u201eAuch das ist sehr interessant, aber keinesfalls zu untersch\u00e4tzen. Es gibt viel zu lesen und vorzubereiten zwischen den Sitzungen.&#8220; Das Amt nimmt er auf Wunsch der Dekanatssynode noch bis zum Fr\u00fchjahr 2022 wahr. Thum ist nicht nur Pfarrer in Kirch\u00ad und Pohl-G\u00f6ns, sondern auch vielf\u00e4ltig vor Ort engagiert &#8211; sei es im Vorstand der Freiwilligen Feuerwehr, im Musikzug oder wenn er zur Fastnacht gemeinsam mit Kirchenvorstand Lutz Herbel verkleidet auf der B\u00fchne steht. Das ist einer der Gr\u00fcnde, weshalb er in Kirch-G\u00f6ns wohnen bleibt. Geb\u00fcrtig kommt Thum aus Frankfurt, in Friedberg ist er zur Schule gegangen. \u201eEs war eine sehr erf\u00fcllte Zeit, doch jetzt beginnt eine neue, auf die ich sehr gespannt bin&#8220;, sagt Thum im Hinblick auf seinen Abschied. Er freue sich auf die neugewonnene Freiheit, die er zum Beispiel f\u00fcr Besuche im Theater oder Ballett nutzen will sowie daf\u00fcr, noch viele sch\u00f6ne Ecken in Deutschland zu bereisen und einen ausgedehnten D\u00e4nemark-Urlaub. \u201cIch werde es genie\u00dfen, ganz spontan entscheiden zu k\u00f6nnen&#8220;, sagt Thum. Gleichzeitig will er es ruhig angehen lassen sich auch Zeit nehmen f\u00fcr seine andere Leidenschaft: seine B\u00fccher und das Lesen. \u201eWie Jugendliche heute also sagen w\u00fcrden: \u201eIch werde jetzt erst mal chillen.&#8220;&#8218; Am Sonntag, 15.August, wird Pfarrer William Thum entpflichtet und in den Ruhestand verabschiedet. Der Festgottesdienst um 14.00 Uhr in Kirch-G\u00f6ns findet aufgrund der Corona-Situation nur mit einer begrenzten Anzahl geladener G\u00e4ste statt. Der anschlie\u00dfende Empfang ab 15.00 Uhr im Gemeindehaus Kirch\u00adG\u00f6ns bietet allen die Gelegenheit, sich von ihm zu verabschieden.<\/p>\n\n\n\n<p>Quelle und Bild: Butzbacher Zeitung vom 12. August 2021<\/p>\n\n\n\n<figure class=\"wp-block-image size-full is-resized\"><img loading=\"lazy\" decoding=\"async\" width=\"220\" height=\"181\" src=\"http:\/\/875jahrekirchgoens.de\/wp-content\/uploads\/2024\/02\/william-Bild1.png\" alt=\"\" class=\"wp-image-14886\" style=\"width:424px;height:auto\"\/><\/figure>\n","protected":false},"excerpt":{"rendered":"<p>Am Sonntag, 15. August Festgottesdienst, anschlie\u00dfend Empfang im Gemeindehaus Kirch-G\u00f6ns Jeden Morgen hat sich Pfarrer William Thum in den vergangenen Wochen und Monaten seit dem Start der Corona\u00ad Pandemie einen kurzen Impuls \u00fcberlegt und ihn mit einem passenden Musiktitel per Messenger-Dienst an Gemeindeglieder, Freunde und Bekannte verschickt. Den letzten \u201eCorona-Impuls&#8220; wird es am15.August geben, Dann &#8230; <a title=\"Pfarrer William Thum geht nach drei\u00dfig Jahren in den Ruhestand\" class=\"read-more\" href=\"http:\/\/875jahrekirchgoens.de\/?p=14885\" aria-label=\"Mehr Informationen \u00fcber Pfarrer William Thum geht nach drei\u00dfig Jahren in den Ruhestand\">Weiterlesen<\/a><\/p>\n","protected":false},"author":1,"featured_media":0,"comment_status":"closed","ping_status":"open","sticky":false,"template":"","format":"standard","meta":{"footnotes":""},"categories":[1],"tags":[],"class_list":["post-14885","post","type-post","status-publish","format-standard","hentry","category-infos"],"_links":{"self":[{"href":"http:\/\/875jahrekirchgoens.de\/index.php?rest_route=\/wp\/v2\/posts\/14885","targetHints":{"allow":["GET"]}}],"collection":[{"href":"http:\/\/875jahrekirchgoens.de\/index.php?rest_route=\/wp\/v2\/posts"}],"about":[{"href":"http:\/\/875jahrekirchgoens.de\/index.php?rest_route=\/wp\/v2\/types\/post"}],"author":[{"embeddable":true,"href":"http:\/\/875jahrekirchgoens.de\/index.php?rest_route=\/wp\/v2\/users\/1"}],"replies":[{"embeddable":true,"href":"http:\/\/875jahrekirchgoens.de\/index.php?rest_route=%2Fwp%2Fv2%2Fcomments&post=14885"}],"version-history":[{"count":1,"href":"http:\/\/875jahrekirchgoens.de\/index.php?rest_route=\/wp\/v2\/posts\/14885\/revisions"}],"predecessor-version":[{"id":14887,"href":"http:\/\/875jahrekirchgoens.de\/index.php?rest_route=\/wp\/v2\/posts\/14885\/revisions\/14887"}],"wp:attachment":[{"href":"http:\/\/875jahrekirchgoens.de\/index.php?rest_route=%2Fwp%2Fv2%2Fmedia&parent=14885"}],"wp:term":[{"taxonomy":"category","embeddable":true,"href":"http:\/\/875jahrekirchgoens.de\/index.php?rest_route=%2Fwp%2Fv2%2Fcategories&post=14885"},{"taxonomy":"post_tag","embeddable":true,"href":"http:\/\/875jahrekirchgoens.de\/index.php?rest_route=%2Fwp%2Fv2%2Ftags&post=14885"}],"curies":[{"name":"wp","href":"https:\/\/api.w.org\/{rel}","templated":true}]}}