{"id":14890,"date":"2020-12-18T11:40:00","date_gmt":"2020-12-18T11:40:00","guid":{"rendered":"http:\/\/875jahrekirchgoens.de\/?p=14890"},"modified":"2024-02-11T11:42:27","modified_gmt":"2024-02-11T11:42:27","slug":"geschenke-fuer-kinder-auch-ohne-weihnachtsmarkt","status":"publish","type":"post","link":"http:\/\/875jahrekirchgoens.de\/?p=14890","title":{"rendered":"Geschenke f\u00fcr Kinder auch ohne Weihnachtsmarkt"},"content":{"rendered":"\n<p>Das Orga-Team des Kirch-G\u00f6nser Weihnachtsmarktes hat am Montag in den Kindertagesst\u00e4tten Kirch-G\u00f6ns und Pohl-G\u00f6ns sowie in der G\u00f6nser-Grund-Schule Geschenke vom Nikolaus \u00fcbergeben. Der Grund hierf\u00fcr war der Kirch-G\u00f6nser Weihnachtsmarkt, der immer am 3. Advent stattfindet, im vergangenen Jahr bereits zum 30. Mal, und in diesem Jahr wie viele andere Veranstaltungen aus Corona Gr\u00fcnden abgesagt werden musste. An den Weihnachtsm\u00e4rkten in Kirch-G\u00f6ns standen die Kinder immer im Mittelpunkt. Mit Kinderschminken, Kinderkarussell, Stockbrot, Vorlesestunde und mit dem Besuch von Nikolaus und den mitgebrachten Geschenken war an sie gedacht. Auch wenn der Weihnachtsmarkt in diesem Jahr ausgefallen ist, sollten die Kinder nicht zu kurz kommen. Deshalb hat das Orga-Team des Kirch-G\u00f6nser Weihnachtsmarktes die Kinder am vergangenen Montag in der st\u00e4dtischen Kindertagesst\u00e4tte in Kirch-G\u00f6ns und der Evangelischen Kindertagesst\u00e4tte \u201eSonnenschein&#8220; in Pohl-G\u00f6ns sowie in der G\u00f6nser-Grund-Schule besucht und die Geschenke vom Nikolaus mitgebracht. Die Kinder haben sich sehr dar\u00fcber gefreut. Die Pakete waren gef\u00fcllt mit Pixi B\u00fcchern, Frixion Stiften und Schokoladenlutschern. Das Orga-Team des Kirch-G\u00f6nser Weihnachtsmarktes bedankt sich ganz herzlich bei zahlreichen Sponsoren, die trotz des Ausfalls des Weihnachtsmarktes im Butzbacher Stadtteil Kirch-G\u00f6ns diese Geschenkaktion f\u00fcr die insgesamt 245 Kinder unterst\u00fctzt haben.<\/p>\n\n\n\n<p>Quelle und Bilder: Butzbacher Zeitung vom 18. Dezember 2020<\/p>\n\n\n\n<p>Die Fotos zeigen die Mitglieder des Orga-Teams des Kirch-G\u00f6nser Weihnachtsmarktes bei der \u00dcbergabe der Geschenke an die Kindertagesgastst\u00e4tte in Kirch-G\u00f6ns, die Evangelische Kindertagesst\u00e4tte \u201eSonnenschein\u201c in Pohl-G\u00f6ns und an die G\u00f6nser-Grund-Schule in Kirch-G\u00f6ns.<\/p>\n\n\n\n<figure class=\"wp-block-gallery has-nested-images columns-default is-cropped wp-block-gallery-1 is-layout-flex wp-block-gallery-is-layout-flex\">\n<figure class=\"wp-block-image size-large\"><img loading=\"lazy\" decoding=\"async\" width=\"171\" height=\"111\" data-id=\"14893\" src=\"http:\/\/875jahrekirchgoens.de\/wp-content\/uploads\/2024\/02\/Gesch-Bild3.png\" alt=\"\" class=\"wp-image-14893\"\/><\/figure>\n\n\n\n<figure class=\"wp-block-image size-large\"><img loading=\"lazy\" decoding=\"async\" width=\"197\" height=\"114\" data-id=\"14892\" src=\"http:\/\/875jahrekirchgoens.de\/wp-content\/uploads\/2024\/02\/Gesch-Bild2.png\" alt=\"\" class=\"wp-image-14892\"\/><\/figure>\n\n\n\n<figure class=\"wp-block-image size-large\"><img loading=\"lazy\" decoding=\"async\" width=\"189\" height=\"114\" data-id=\"14891\" src=\"http:\/\/875jahrekirchgoens.de\/wp-content\/uploads\/2024\/02\/Gesch-Bild1.png\" alt=\"\" class=\"wp-image-14891\"\/><\/figure>\n<\/figure>\n","protected":false},"excerpt":{"rendered":"<p>Das Orga-Team des Kirch-G\u00f6nser Weihnachtsmarktes hat am Montag in den Kindertagesst\u00e4tten Kirch-G\u00f6ns und Pohl-G\u00f6ns sowie in der G\u00f6nser-Grund-Schule Geschenke vom Nikolaus \u00fcbergeben. Der Grund hierf\u00fcr war der Kirch-G\u00f6nser Weihnachtsmarkt, der immer am 3. Advent stattfindet, im vergangenen Jahr bereits zum 30. Mal, und in diesem Jahr wie viele andere Veranstaltungen aus Corona Gr\u00fcnden abgesagt werden &#8230; <a title=\"Geschenke f\u00fcr Kinder auch ohne Weihnachtsmarkt\" class=\"read-more\" href=\"http:\/\/875jahrekirchgoens.de\/?p=14890\" aria-label=\"Mehr Informationen \u00fcber Geschenke f\u00fcr Kinder auch ohne Weihnachtsmarkt\">Weiterlesen<\/a><\/p>\n","protected":false},"author":1,"featured_media":0,"comment_status":"closed","ping_status":"open","sticky":false,"template":"","format":"standard","meta":{"footnotes":""},"categories":[1],"tags":[],"class_list":["post-14890","post","type-post","status-publish","format-standard","hentry","category-infos"],"_links":{"self":[{"href":"http:\/\/875jahrekirchgoens.de\/index.php?rest_route=\/wp\/v2\/posts\/14890","targetHints":{"allow":["GET"]}}],"collection":[{"href":"http:\/\/875jahrekirchgoens.de\/index.php?rest_route=\/wp\/v2\/posts"}],"about":[{"href":"http:\/\/875jahrekirchgoens.de\/index.php?rest_route=\/wp\/v2\/types\/post"}],"author":[{"embeddable":true,"href":"http:\/\/875jahrekirchgoens.de\/index.php?rest_route=\/wp\/v2\/users\/1"}],"replies":[{"embeddable":true,"href":"http:\/\/875jahrekirchgoens.de\/index.php?rest_route=%2Fwp%2Fv2%2Fcomments&post=14890"}],"version-history":[{"count":1,"href":"http:\/\/875jahrekirchgoens.de\/index.php?rest_route=\/wp\/v2\/posts\/14890\/revisions"}],"predecessor-version":[{"id":14894,"href":"http:\/\/875jahrekirchgoens.de\/index.php?rest_route=\/wp\/v2\/posts\/14890\/revisions\/14894"}],"wp:attachment":[{"href":"http:\/\/875jahrekirchgoens.de\/index.php?rest_route=%2Fwp%2Fv2%2Fmedia&parent=14890"}],"wp:term":[{"taxonomy":"category","embeddable":true,"href":"http:\/\/875jahrekirchgoens.de\/index.php?rest_route=%2Fwp%2Fv2%2Fcategories&post=14890"},{"taxonomy":"post_tag","embeddable":true,"href":"http:\/\/875jahrekirchgoens.de\/index.php?rest_route=%2Fwp%2Fv2%2Ftags&post=14890"}],"curies":[{"name":"wp","href":"https:\/\/api.w.org\/{rel}","templated":true}]}}