{"id":14909,"date":"2019-03-20T11:56:00","date_gmt":"2019-03-20T11:56:00","guid":{"rendered":"http:\/\/875jahrekirchgoens.de\/?p=14909"},"modified":"2024-02-11T11:58:31","modified_gmt":"2024-02-11T11:58:31","slug":"auf-zug-springen-aus-fenster-schiessen","status":"publish","type":"post","link":"http:\/\/875jahrekirchgoens.de\/?p=14909","title":{"rendered":"Auf Zug springen, aus Fenster schie\u00dfen"},"content":{"rendered":"\n<p><em>Schauspieler Kirch-G\u00f6nser Timo Nern ist morgen Abend in \u201eAlarm f\u00fcr Cobra 11\u201c im Fernsehen<\/em><\/p>\n\n\n\n<p>Einmal im Fernsehen eine Rolle spielen und vielleicht gro\u00df rauskommen. Davon tr\u00e4umen viele. F\u00fcr Timo Nern aus Kirch-G\u00f6ns scheint sich dieser Traum tats\u00e4chlich zu erf\u00fcllen. Regelm\u00e4\u00dfig zusehen ist er in der RTL-Serie \u201eAlarm f\u00fcr Cobra 11&#8243; mit Erdogan Atalay alias Kommissar Semir Gerkhan und seinem Partner, dem Wiesbadener Daniel R\u00f6sner alias Kommissar Paul Renner. Die neue Staffel l\u00e4uft gerade an. Am morgigen Donnerstag um 20.15 Uhr in der Folge \u201eEndstation&#8220; spielt Nern einen S\u00f6ldner &#8211; und l\u00e4sst es m\u00e4chtig krachen. An sieben Drehtagen stand er dabei mit seinen prominenten Kollegen vor der Kamera. Seine \u201eFilmkarriere&#8220; begann mit einem Auftritt als Komparse in der Lindenstra\u00dfe. Auch im Tatort \u201eEs lebe der Tod\u201c mit Ulrich Tukur als LKA-Ermittler Felix Murot &#8211; und in den Taunuskrimis von Nele Neuhaus war er schon zu sehen. Erst seit M\u00e4rz 2015 ist der 39-j\u00e4hrige Familienvater im Schauspielgesch\u00e4ft. Seine Familie steht dabei voll und ganz hinter ihm. Sie ist manchmal sogar beim Casting und nat\u00fcrlich auch bei den Filmpremieren dabei. Seit seinem ersten Dreh zu \u201eAlarm f\u00fcr Cobra 11&#8220;, wo er als \u201e.Edel-Komparse&#8220; gebucht war und am Set kurzerhand f\u00fcr die Rolle des Bodyguards engagiert wurde, ist er als Kleindarsteller sehr gefragt. Sein 11-j\u00e4hriger Sohn ist m\u00e4chtig stolz auf seinen Papa. Inzwischen \u00fcberzeugt er in zahlreichen Sprech- und Spielrollen. Neben der darstellenden Kunst ist f\u00fcr die Sprechrolle auch ein gutes Ged\u00e4chtnis gefragt. Denn es wird direkt gedreht, da muss der Text auf Anhieb sitzen. Nern nimmt das ernst und bleibt dabei doch locker: \u201eIch geh hin und mach mein Ding\u201c Gro\u00dfen Spa\u00df gemacht hat ihm der Teaser zum Kinofilm Eneme von Regisseur Jakob Gisik, der im vergangenen Jahr in die Kinos kam. International hat er bei dem Projekt \u201eLa Gran Promesa&#8220; &#8211; ein Familiendrama, das in Frankfurt spielt, mitgewirkt. Aber nicht nur in Fernsehfilmen ist er pr\u00e4sent. Auch bei Luke Mockridge in \u201eLuke, die Woche und ich&#8220; und beim \u201eTr\u00f6del-Duell war er schon zu sehen. Offensichtlich erf\u00fcllt der Kirch\u00ad G\u00f6nser optisch das Klischee des B\u00f6sewichts, denn h\u00e4ufig spielt er einen Gangster oder Killer. Dabei ist der gelernte Altenpfleger ein durch und durch netter Kerl. Aber auch vor kleinen Stunts schreckt er nicht zur\u00fcck und springt mal eben auf einen fahrenden Zug auf oder h\u00e4ngt sich mit einem Maschinengewehr ballernd w\u00e4hrend einer wilden Verfolgungsjagd aus dem Beifahrerfenster eines rasenden Autos. Daf\u00fcr m\u00fcsse man k\u00f6rperlich fit und gesund sein, best\u00e4tigt der Kirch-G\u00f6nser, der sich in seiner Freizeit mit Kraftsport fit h\u00e4lt und beim TV Kirch-G\u00f6ns Tischtennis spielt. Wie mansich filmreif pr\u00fcgelt, muss\u00ad te er in einer extra \u201eAusbildung&#8220; erst lernen. Hin und wieder kommt es vor, dass man was abbekommt. Das muss man abk\u00f6nnen&#8220;, lacht er in Erinnerung an den einen oder anderen Kinnhaken oder Rempler.<\/p>\n\n\n\n<p>Quelle und Bild: Butzbacher Zeitung vom 20. M\u00e4rz 2019<\/p>\n\n\n\n<figure class=\"wp-block-image size-full\"><img loading=\"lazy\" decoding=\"async\" width=\"110\" height=\"155\" src=\"http:\/\/875jahrekirchgoens.de\/wp-content\/uploads\/2024\/02\/Nern-Bild1.png\" alt=\"\" class=\"wp-image-14910\"\/><figcaption class=\"wp-element-caption\">Nern freut sich \u00fcber seinen Erfolg, sich vom Komparsen zum Kleindarsteller mit Sprech- und Spielrollen weiterentwickelt zu haben. Doch der Erfolg steigt ihm nicht zu Kopf. Er ist ein bodenst\u00e4ndiger Typ. Und so dr\u00fcckt er seit zwei Jahren noch einmal die Schulbank, um seine Ausbildung zu erweitern und im Herbst das Examen zur Fachkraft Altenpflege abzulegen. Doch auch dann ist mit dem Lernen l\u00e4ngst noch nicht Schluss, denn er hat geplant, sich zur Pflegedienstleitung weiterzubilden. <\/figcaption><\/figure>\n","protected":false},"excerpt":{"rendered":"<p>Schauspieler Kirch-G\u00f6nser Timo Nern ist morgen Abend in \u201eAlarm f\u00fcr Cobra 11\u201c im Fernsehen Einmal im Fernsehen eine Rolle spielen und vielleicht gro\u00df rauskommen. Davon tr\u00e4umen viele. F\u00fcr Timo Nern aus Kirch-G\u00f6ns scheint sich dieser Traum tats\u00e4chlich zu erf\u00fcllen. Regelm\u00e4\u00dfig zusehen ist er in der RTL-Serie \u201eAlarm f\u00fcr Cobra 11&#8243; mit Erdogan Atalay alias Kommissar &#8230; <a title=\"Auf Zug springen, aus Fenster schie\u00dfen\" class=\"read-more\" href=\"http:\/\/875jahrekirchgoens.de\/?p=14909\" aria-label=\"Mehr Informationen \u00fcber Auf Zug springen, aus Fenster schie\u00dfen\">Weiterlesen<\/a><\/p>\n","protected":false},"author":1,"featured_media":0,"comment_status":"closed","ping_status":"open","sticky":false,"template":"","format":"standard","meta":{"footnotes":""},"categories":[1],"tags":[],"class_list":["post-14909","post","type-post","status-publish","format-standard","hentry","category-infos"],"_links":{"self":[{"href":"http:\/\/875jahrekirchgoens.de\/index.php?rest_route=\/wp\/v2\/posts\/14909","targetHints":{"allow":["GET"]}}],"collection":[{"href":"http:\/\/875jahrekirchgoens.de\/index.php?rest_route=\/wp\/v2\/posts"}],"about":[{"href":"http:\/\/875jahrekirchgoens.de\/index.php?rest_route=\/wp\/v2\/types\/post"}],"author":[{"embeddable":true,"href":"http:\/\/875jahrekirchgoens.de\/index.php?rest_route=\/wp\/v2\/users\/1"}],"replies":[{"embeddable":true,"href":"http:\/\/875jahrekirchgoens.de\/index.php?rest_route=%2Fwp%2Fv2%2Fcomments&post=14909"}],"version-history":[{"count":1,"href":"http:\/\/875jahrekirchgoens.de\/index.php?rest_route=\/wp\/v2\/posts\/14909\/revisions"}],"predecessor-version":[{"id":14911,"href":"http:\/\/875jahrekirchgoens.de\/index.php?rest_route=\/wp\/v2\/posts\/14909\/revisions\/14911"}],"wp:attachment":[{"href":"http:\/\/875jahrekirchgoens.de\/index.php?rest_route=%2Fwp%2Fv2%2Fmedia&parent=14909"}],"wp:term":[{"taxonomy":"category","embeddable":true,"href":"http:\/\/875jahrekirchgoens.de\/index.php?rest_route=%2Fwp%2Fv2%2Fcategories&post=14909"},{"taxonomy":"post_tag","embeddable":true,"href":"http:\/\/875jahrekirchgoens.de\/index.php?rest_route=%2Fwp%2Fv2%2Ftags&post=14909"}],"curies":[{"name":"wp","href":"https:\/\/api.w.org\/{rel}","templated":true}]}}