{"id":14922,"date":"2018-01-22T12:12:00","date_gmt":"2018-01-22T12:12:00","guid":{"rendered":"http:\/\/875jahrekirchgoens.de\/?p=14922"},"modified":"2024-02-11T12:15:59","modified_gmt":"2024-02-11T12:15:59","slug":"in-kirch-goens-bebte-die-narhalla-beim-kappenabend-der-turner-und-schuetzen","status":"publish","type":"post","link":"http:\/\/875jahrekirchgoens.de\/?p=14922","title":{"rendered":"In Kirch-G\u00f6ns bebte die Narhalla beim Kappenabend der Turner und Sch\u00fctzen"},"content":{"rendered":"\n<p>Der Kappenabend des Turnvereins und Sch\u00fctzenvereins Kirch-G\u00f6ns war ein Riesenerfolg. Die sehr gut besetzte Kirch-G\u00f6nser Sch\u00fctzenhalle halte sich in eine Narrhalla verwandelt, in der die N\u00e4rrinnen und Narrhalesen mit einem tollen Auftritt der Ewwerschgiesser Hoingkm\u00e4nner in den Kappenabend starteten. Unter dem Titel ,,Affen&#8220; zeigte die Tanzgruppe, dass sie auch nach nunmehr neunzehn Jahren seit ihrer Gr\u00fcndung nichts von ihrem Feuer verloren hat. F\u00fcr ihren Tanz in schwei\u00dftreibenden Affenkost\u00fcmen mit akrobatischen Einlagen ernteten die Hoingkm\u00e4nner viel Applaus. Anschlie\u00dfend stellte sich mit dem Polgie\u00dfer Fabio Schwenz ein neuer Stern am heimischen B\u00fcttenrednerhimmel vor. Er begeisterte mit seinen Bemerkungen u. a. zu Kirchgie\u00df und Federvieh im Allgemeinen und besonderen die Besucher des Kappenabends. N\u00e4chster Programmpunkt war ein fetziger Tanz der Mittleren Pohl-G\u00f6nser Garde unter der Leitung von Michelle Herbel. Wie schon bei\u00b7den Hoingkm\u00e4nnern forderte auch hier das Publikum eine Zugabe. Dann stieg ein Hippie der 1970er Jahre in die B\u00fctt und erzeugte wahre Lachsalven. Mit einem Joint in der Hand erz\u00e4hlte er, wie sch\u00f6n die da malige Zeit gewesen sei mit Marihuana Kiffen, Freier Liebe und auch deren weniger angenehmen Seiten. Liebe sei das Licht des Lebens, die Ehe die Stromabrechnung, so das Credo des Hippies, der gekonnt von Pfarrer William Thum dargestellt wurde. Der Applaus f\u00fcr ihn wollte nicht enden. Zu Begeisterungsst\u00fcrmen insbesondere seitens der Damen im Publikum riss danach das M\u00e4nnerballett Leihgestern die G\u00e4ste hin. Zu Discomusik der 1970er zeigten die M\u00e4nner einen Tanz, der voll den Geschmack der Besucher des Kappenabends traf. Eine Zugabe und langanhaltender Applaus war da selbstverst\u00e4ndlich. Absoluter H\u00f6hepunkt des Abends war sp\u00e4ter der Auftritt der Tanzformation MIB des TV Kirch-G\u00f6ns. Unter dem Motto \u201eEngel und Teufel\u201c zogen die T\u00e4nzer noch einmal alle Register mit einer rasanten farbenpr\u00e4chtigen Show ab. Nach dieser Kampagne h\u00e4ngt die Gruppe ihre Tanzschuhe an den Nagel. Klar, dass auch hier eine Zugabe f\u00e4llig war. Mit einem Riesenapplaus verabschiedeten die Narren die Truppe von der B\u00fchne. Das n\u00e4rrische Treiben ging danach bei Discomusik der 1970er Jahre noch lange in der Kirch-G\u00f6nser Narhalla weiter.<\/p>\n\n\n\n<p>Quelle und Bilder: Butzbacher Zeitung vom 22. Januar 2018<\/p>\n\n\n\n<figure class=\"wp-block-gallery has-nested-images columns-default is-cropped wp-block-gallery-1 is-layout-flex wp-block-gallery-is-layout-flex\">\n<figure class=\"wp-block-image size-large\"><img loading=\"lazy\" decoding=\"async\" width=\"217\" height=\"154\" data-id=\"14926\" src=\"http:\/\/875jahrekirchgoens.de\/wp-content\/uploads\/2024\/02\/Narrhalla-Bild4.png\" alt=\"\" class=\"wp-image-14926\"\/><figcaption class=\"wp-element-caption\">Fabio Schwenz bei seiner B\u00fcttenrede<\/figcaption><\/figure>\n\n\n\n<figure class=\"wp-block-image size-large\"><img loading=\"lazy\" decoding=\"async\" width=\"238\" height=\"173\" data-id=\"14924\" src=\"http:\/\/875jahrekirchgoens.de\/wp-content\/uploads\/2024\/02\/Narrhalla-Bild2.png\" alt=\"\" class=\"wp-image-14924\"\/><figcaption class=\"wp-element-caption\">William Thum mit Joint<\/figcaption><\/figure>\n\n\n\n<figure class=\"wp-block-image size-large\"><img loading=\"lazy\" decoding=\"async\" width=\"221\" height=\"157\" data-id=\"14925\" src=\"http:\/\/875jahrekirchgoens.de\/wp-content\/uploads\/2024\/02\/Narrhalla-Bild3.png\" alt=\"\" class=\"wp-image-14925\"\/><figcaption class=\"wp-element-caption\">Mibdance aus Kirch-G\u00f6ns<\/figcaption><\/figure>\n\n\n\n<figure class=\"wp-block-image size-large\"><img loading=\"lazy\" decoding=\"async\" width=\"245\" height=\"174\" data-id=\"14923\" src=\"http:\/\/875jahrekirchgoens.de\/wp-content\/uploads\/2024\/02\/Narrhalla-Bild1.png\" alt=\"\" class=\"wp-image-14923\"\/><figcaption class=\"wp-element-caption\">Die Hoingkm\u00e4nner aus Ebersg\u00f6ns<\/figcaption><\/figure>\n<\/figure>\n","protected":false},"excerpt":{"rendered":"<p>Der Kappenabend des Turnvereins und Sch\u00fctzenvereins Kirch-G\u00f6ns war ein Riesenerfolg. Die sehr gut besetzte Kirch-G\u00f6nser Sch\u00fctzenhalle halte sich in eine Narrhalla verwandelt, in der die N\u00e4rrinnen und Narrhalesen mit einem tollen Auftritt der Ewwerschgiesser Hoingkm\u00e4nner in den Kappenabend starteten. Unter dem Titel ,,Affen&#8220; zeigte die Tanzgruppe, dass sie auch nach nunmehr neunzehn Jahren seit ihrer &#8230; <a title=\"In Kirch-G\u00f6ns bebte die Narhalla beim Kappenabend der Turner und Sch\u00fctzen\" class=\"read-more\" href=\"http:\/\/875jahrekirchgoens.de\/?p=14922\" aria-label=\"Mehr Informationen \u00fcber In Kirch-G\u00f6ns bebte die Narhalla beim Kappenabend der Turner und Sch\u00fctzen\">Weiterlesen<\/a><\/p>\n","protected":false},"author":1,"featured_media":0,"comment_status":"closed","ping_status":"open","sticky":false,"template":"","format":"standard","meta":{"footnotes":""},"categories":[1],"tags":[],"class_list":["post-14922","post","type-post","status-publish","format-standard","hentry","category-infos"],"_links":{"self":[{"href":"http:\/\/875jahrekirchgoens.de\/index.php?rest_route=\/wp\/v2\/posts\/14922","targetHints":{"allow":["GET"]}}],"collection":[{"href":"http:\/\/875jahrekirchgoens.de\/index.php?rest_route=\/wp\/v2\/posts"}],"about":[{"href":"http:\/\/875jahrekirchgoens.de\/index.php?rest_route=\/wp\/v2\/types\/post"}],"author":[{"embeddable":true,"href":"http:\/\/875jahrekirchgoens.de\/index.php?rest_route=\/wp\/v2\/users\/1"}],"replies":[{"embeddable":true,"href":"http:\/\/875jahrekirchgoens.de\/index.php?rest_route=%2Fwp%2Fv2%2Fcomments&post=14922"}],"version-history":[{"count":1,"href":"http:\/\/875jahrekirchgoens.de\/index.php?rest_route=\/wp\/v2\/posts\/14922\/revisions"}],"predecessor-version":[{"id":14927,"href":"http:\/\/875jahrekirchgoens.de\/index.php?rest_route=\/wp\/v2\/posts\/14922\/revisions\/14927"}],"wp:attachment":[{"href":"http:\/\/875jahrekirchgoens.de\/index.php?rest_route=%2Fwp%2Fv2%2Fmedia&parent=14922"}],"wp:term":[{"taxonomy":"category","embeddable":true,"href":"http:\/\/875jahrekirchgoens.de\/index.php?rest_route=%2Fwp%2Fv2%2Fcategories&post=14922"},{"taxonomy":"post_tag","embeddable":true,"href":"http:\/\/875jahrekirchgoens.de\/index.php?rest_route=%2Fwp%2Fv2%2Ftags&post=14922"}],"curies":[{"name":"wp","href":"https:\/\/api.w.org\/{rel}","templated":true}]}}