{"id":14935,"date":"2018-05-04T12:23:00","date_gmt":"2018-05-04T12:23:00","guid":{"rendered":"http:\/\/875jahrekirchgoens.de\/?p=14935"},"modified":"2024-02-11T12:24:42","modified_gmt":"2024-02-11T12:24:42","slug":"gut-besuchte-1-mai-feier-in-kirch-goens","status":"publish","type":"post","link":"http:\/\/875jahrekirchgoens.de\/?p=14935","title":{"rendered":"Gut besuchte 1. Mai-Feier in Kirch-G\u00f6ns"},"content":{"rendered":"\n<p>Sehr gut besucht war die 1. Mai-Feier des Turnvereins Kirch-G\u00f6ns auf dem \u00f6rtlichen Sportplatz. Bei sonnigem, etwas windigen Wetter waren schon fr\u00fch alle Pl\u00e4tze besetzt und die Besucher aus nah und fern verlebten einige fr\u00f6hliche Stunden. Die Kleinsten hatten gro\u00dfen Spa\u00df auf einer Rutschbahn, die Gro\u00dfen an der Teilnahme am traditionellen R\u00e4tselspiel. In diesem Jahr galt es hier die Anzahl von Gardinenr\u00f6llchen in einem gro\u00dfen Glas zu erraten. Die genaue Zahl von 412 R\u00f6llchen errieten Markus H\u00e4user und Monika Sperzel. Ganz nahe dran waren Albert Ceh mit 411 und Peter Sperzel mit 410 Gardinenr\u00f6llchen. <\/p>\n\n\n\n<p>Quelle und Bild: Butzbacher Zeitung vom 4. Mai 2018<\/p>\n\n\n\n<p>Das Foto zeigt bei der Siegerehrung (v. l.) TV-Vorsitzender Thorsten Metz, Markus H\u00e4user mit T\u00f6chtern, sowie Monika und Peter Sperzel.<\/p>\n\n\n\n<figure class=\"wp-block-image size-full\"><img loading=\"lazy\" decoding=\"async\" width=\"284\" height=\"216\" src=\"http:\/\/875jahrekirchgoens.de\/wp-content\/uploads\/2024\/02\/erstermai-Bild1.png\" alt=\"\" class=\"wp-image-14936\"\/><\/figure>\n","protected":false},"excerpt":{"rendered":"<p>Sehr gut besucht war die 1. Mai-Feier des Turnvereins Kirch-G\u00f6ns auf dem \u00f6rtlichen Sportplatz. Bei sonnigem, etwas windigen Wetter waren schon fr\u00fch alle Pl\u00e4tze besetzt und die Besucher aus nah und fern verlebten einige fr\u00f6hliche Stunden. Die Kleinsten hatten gro\u00dfen Spa\u00df auf einer Rutschbahn, die Gro\u00dfen an der Teilnahme am traditionellen R\u00e4tselspiel. In diesem Jahr &#8230; <a title=\"Gut besuchte 1. Mai-Feier in Kirch-G\u00f6ns\" class=\"read-more\" href=\"http:\/\/875jahrekirchgoens.de\/?p=14935\" aria-label=\"Mehr Informationen \u00fcber Gut besuchte 1. Mai-Feier in Kirch-G\u00f6ns\">Weiterlesen<\/a><\/p>\n","protected":false},"author":1,"featured_media":0,"comment_status":"closed","ping_status":"open","sticky":false,"template":"","format":"standard","meta":{"footnotes":""},"categories":[1],"tags":[],"class_list":["post-14935","post","type-post","status-publish","format-standard","hentry","category-infos"],"_links":{"self":[{"href":"http:\/\/875jahrekirchgoens.de\/index.php?rest_route=\/wp\/v2\/posts\/14935","targetHints":{"allow":["GET"]}}],"collection":[{"href":"http:\/\/875jahrekirchgoens.de\/index.php?rest_route=\/wp\/v2\/posts"}],"about":[{"href":"http:\/\/875jahrekirchgoens.de\/index.php?rest_route=\/wp\/v2\/types\/post"}],"author":[{"embeddable":true,"href":"http:\/\/875jahrekirchgoens.de\/index.php?rest_route=\/wp\/v2\/users\/1"}],"replies":[{"embeddable":true,"href":"http:\/\/875jahrekirchgoens.de\/index.php?rest_route=%2Fwp%2Fv2%2Fcomments&post=14935"}],"version-history":[{"count":1,"href":"http:\/\/875jahrekirchgoens.de\/index.php?rest_route=\/wp\/v2\/posts\/14935\/revisions"}],"predecessor-version":[{"id":14937,"href":"http:\/\/875jahrekirchgoens.de\/index.php?rest_route=\/wp\/v2\/posts\/14935\/revisions\/14937"}],"wp:attachment":[{"href":"http:\/\/875jahrekirchgoens.de\/index.php?rest_route=%2Fwp%2Fv2%2Fmedia&parent=14935"}],"wp:term":[{"taxonomy":"category","embeddable":true,"href":"http:\/\/875jahrekirchgoens.de\/index.php?rest_route=%2Fwp%2Fv2%2Fcategories&post=14935"},{"taxonomy":"post_tag","embeddable":true,"href":"http:\/\/875jahrekirchgoens.de\/index.php?rest_route=%2Fwp%2Fv2%2Ftags&post=14935"}],"curies":[{"name":"wp","href":"https:\/\/api.w.org\/{rel}","templated":true}]}}