{"id":14946,"date":"2018-06-26T12:32:00","date_gmt":"2018-06-26T12:32:00","guid":{"rendered":"http:\/\/875jahrekirchgoens.de\/?p=14946"},"modified":"2024-02-11T12:33:58","modified_gmt":"2024-02-11T12:33:58","slug":"sommerfestbesucher-feierten-dfb-sieg","status":"publish","type":"post","link":"http:\/\/875jahrekirchgoens.de\/?p=14946","title":{"rendered":"Sommerfestbesucher feierten DFB-Sieg"},"content":{"rendered":"\n<p>Das Sommerfest von Freiwilliger Feuerwehr und Kleintierz\u00fcchtern war wieder ein Publikumsmagnet. Zum Auftakt gab am Samstagabend der Ehemalige Fanfarenzug (EFZ) unter der Leitung von Helmut R\u00fchl ein kleines Konzert im Festzelt.<\/p>\n\n\n\n<p>Im Anschluss hie\u00df J\u00f6rg Winter von der FF Kirch-G\u00f6ns die Besucher willkommen, die sich als Fans des DFB kost\u00fcmiert hatten, sie fieberten bei der Partie mit, wozu die Veranstalter TV-Ger\u00e4te aufgestellt hatten.<\/p>\n\n\n\n<p>Am Sonntagvormittag fand ein Gottesdienst mit musikalischer Umrahmung vom Gesangverein Kirch-G\u00f6ns statt. Danach konnten die Besucher der Feuerwehrmusik Butzbach\/Kirch-G\u00f6ns bei ihrem Auftritt zuh\u00f6ren.<\/p>\n\n\n\n<p>Beim Nagelwettbewerb hatte sich einige Teams zusammengefunden, dabei hatten die Freizeitkicker vom Quartermain Club am Ende die Nase vorn<em>, <\/em>dahinter folgte der TV Kirch-G\u00f6ns. F\u00fcr die gl\u00fccklichen Sieger gab es jeweils ein K\u00f6rbchen Bier.<\/p>\n\n\n\n<p>Unter den Besuchern war auch eine Abordnung der FF Bonbaden. Am fr\u00fchen Nachmittag f\u00fchrte zun\u00e4chst die Minifeuerwehr einen L\u00f6schangriff vor. Da Kirch-G\u00f6ns zum 2. Mal in Folge mit der Staffel bei den Stadtmeisterschaften aller Butzbacher Jugendfeuerwehren Platz 1; gab es als Belohnung ein neues T-Shirt.<\/p>\n\n\n\n<p>Neben Steaks, W\u00fcrstchen, Pommes wurde am Sonntag noch Flammlachs angeboten. Eine gut sortierte Kuchentafel rundete die Veranstaltung ab.<\/p>\n\n\n\n<p>Quelle und Bild: Butzbacher Zeitung vom 26. Juni 2018<\/p>\n\n\n\n<figure class=\"wp-block-image size-full is-resized\"><img loading=\"lazy\" decoding=\"async\" width=\"273\" height=\"195\" src=\"http:\/\/875jahrekirchgoens.de\/wp-content\/uploads\/2024\/02\/sommerfest-Bild1.png\" alt=\"\" class=\"wp-image-14947\" style=\"width:550px;height:auto\"\/><\/figure>\n","protected":false},"excerpt":{"rendered":"<p>Das Sommerfest von Freiwilliger Feuerwehr und Kleintierz\u00fcchtern war wieder ein Publikumsmagnet. Zum Auftakt gab am Samstagabend der Ehemalige Fanfarenzug (EFZ) unter der Leitung von Helmut R\u00fchl ein kleines Konzert im Festzelt. Im Anschluss hie\u00df J\u00f6rg Winter von der FF Kirch-G\u00f6ns die Besucher willkommen, die sich als Fans des DFB kost\u00fcmiert hatten, sie fieberten bei der &#8230; <a title=\"Sommerfestbesucher feierten DFB-Sieg\" class=\"read-more\" href=\"http:\/\/875jahrekirchgoens.de\/?p=14946\" aria-label=\"Mehr Informationen \u00fcber Sommerfestbesucher feierten DFB-Sieg\">Weiterlesen<\/a><\/p>\n","protected":false},"author":1,"featured_media":0,"comment_status":"closed","ping_status":"open","sticky":false,"template":"","format":"standard","meta":{"footnotes":""},"categories":[1],"tags":[],"class_list":["post-14946","post","type-post","status-publish","format-standard","hentry","category-infos"],"_links":{"self":[{"href":"http:\/\/875jahrekirchgoens.de\/index.php?rest_route=\/wp\/v2\/posts\/14946","targetHints":{"allow":["GET"]}}],"collection":[{"href":"http:\/\/875jahrekirchgoens.de\/index.php?rest_route=\/wp\/v2\/posts"}],"about":[{"href":"http:\/\/875jahrekirchgoens.de\/index.php?rest_route=\/wp\/v2\/types\/post"}],"author":[{"embeddable":true,"href":"http:\/\/875jahrekirchgoens.de\/index.php?rest_route=\/wp\/v2\/users\/1"}],"replies":[{"embeddable":true,"href":"http:\/\/875jahrekirchgoens.de\/index.php?rest_route=%2Fwp%2Fv2%2Fcomments&post=14946"}],"version-history":[{"count":1,"href":"http:\/\/875jahrekirchgoens.de\/index.php?rest_route=\/wp\/v2\/posts\/14946\/revisions"}],"predecessor-version":[{"id":14948,"href":"http:\/\/875jahrekirchgoens.de\/index.php?rest_route=\/wp\/v2\/posts\/14946\/revisions\/14948"}],"wp:attachment":[{"href":"http:\/\/875jahrekirchgoens.de\/index.php?rest_route=%2Fwp%2Fv2%2Fmedia&parent=14946"}],"wp:term":[{"taxonomy":"category","embeddable":true,"href":"http:\/\/875jahrekirchgoens.de\/index.php?rest_route=%2Fwp%2Fv2%2Fcategories&post=14946"},{"taxonomy":"post_tag","embeddable":true,"href":"http:\/\/875jahrekirchgoens.de\/index.php?rest_route=%2Fwp%2Fv2%2Ftags&post=14946"}],"curies":[{"name":"wp","href":"https:\/\/api.w.org\/{rel}","templated":true}]}}