{"id":14951,"date":"2018-07-26T12:38:00","date_gmt":"2018-07-26T12:38:00","guid":{"rendered":"http:\/\/875jahrekirchgoens.de\/?p=14951"},"modified":"2024-02-11T12:42:17","modified_gmt":"2024-02-11T12:42:17","slug":"kirch-goenser-feuerwehr-will-unter-keinen-umstaenden-neubau-in-pohl-goens","status":"publish","type":"post","link":"http:\/\/875jahrekirchgoens.de\/?p=14951","title":{"rendered":"Kirch-G\u00f6nser Feuerwehr will unter keinen Umst\u00e4nden Neubau in Pohl-G\u00f6ns"},"content":{"rendered":"\n<p><em>Bevorzugter Standort bleibt das Pfarrgrundst\u00fcck \/ Alternative der Sportplatz<\/em><\/p>\n\n\n\n<p><strong>KIRCH-G\u00d6NS <\/strong>(mr). Mitten in der Sommerpause hatte der Ortsbeirat Kirch-G\u00f6ns zu einer \u00f6ffentlichen Sitzung eingeladen. Einziger Tagesordnungspunkt: der zuk\u00fcnftige Standort des neu zu bauenden Feuerwehrger\u00e4tehauses. Um es vorwegzunehmen: Es herrschte gro\u00dfe Einigkeit im Ortsbeirat von Kirch-G\u00f6ns wie auch bei den rund zwei Dutzend Zuh\u00f6rerinnen und Zuh\u00f6rern im Kirch-G\u00f6nser B\u00fcrgerhaus \u00fcber den optimalen Standort: Das Kirchengrundst\u00fcck sei feuerwehrtechnisch zu bevorzugen, so die Anwesenden unisono.<\/p>\n\n\n\n<p>Aber, und das konnte man zwischen den Zeilen h\u00f6ren, auch der urspr\u00fcnglich angedachte Standort am Sportplatz sei f\u00fcr die Anwesenden ein Kompromiss, in die Pohl-G\u00f6nser Gemarkung wolle man auf keinen Fall umziehen.<\/p>\n\n\n\n<p>Zur Er\u00f6ffnung der Ortsbeiratssitzung hatte Ortsvorsteher Stefan Euler (CDU) zun\u00e4chst nochmals die Geschichte der Suche nach einem geeigneten Standort Revue passieren lassen. Die Kirch-G\u00f6nser Feuerwehr sei mit 27 aktiven Einsatzkr\u00e4ften stark und k\u00f6nne die Tagesalarmbereitschaft durchaus sicherstellen. Dass die aktiven Kr\u00e4fte, nachdem sie den Dienst kurzfristig quittiert hatten, wieder in den Dienst zur\u00fcckgekehrt sind, daf\u00fcr dankte der Ortsvorsteher im Namen des gesamten Ortsbeirats: \u201eDamit gebt ihr den B\u00fcrgerinnen und B\u00fcrgern der G\u00f6nser Stadtteile wieder ein Gef\u00fchl der Sicherheit&#8220;, betonte Euler.<\/p>\n\n\n\n<p>Der Ortsvorsteher betonte aber auch, dass er die Diskussionen um den Standort nicht nachvollziehen k\u00f6nne, w\u00fcrden doch die beauftragten Gutachten f\u00fcr das Kirchengrundst\u00fcck klar und deutlich sagen, dass kein erkennbares Risiko aus dem \u00d6lschaden Ende der 60er Jahre gebe, w\u00fcrde man das neue Feuerwehrger\u00e4tehaus dort errichten.<\/p>\n\n\n\n<p>Sein Ortsbeiratskollege Klaus-Werner Otto (SPD) brachte es in einem Satz auf den Punkt: \u201eEin Erdbeben oder eine Kontinentalverschiebung erwarten wir in Kirch-G\u00f6ns nicht. Also ist das immer wieder zitierte Risiko nicht zu erkennen&#8220;.<\/p>\n\n\n\n<p>Wehrf\u00fchrer J\u00f6rg Winter berichtete auf Wunsch des Ortsbeirats \u00fcber einen gemeinsamen Termin mit dem Butzbacher Magistrat. Laut Winter ist der Magistrat bei seiner Meinung geblieben und will das neue Feuerwehrger\u00e4tehaus auf dem stadteigenen Grundst\u00fcck in der Pohl-G\u00f6nser Gemarkung bauen. \u201eDass dabei die W\u00fcnsche und klaren Anforderungen der Feuerwehrleute unber\u00fccksichtigt bleiben, interessiert die politisch Verantwortlichen kaum&#8220;.<\/p>\n\n\n\n<p>\u00dcber die j\u00fcngsten Gespr\u00e4che mit der evangelischen Kirche und deren Ergebnis wurde den Feuerwehrleuten gegen\u00fcber nicht berichtet, so dass der Informationsstand immer noch derselbe sei, den man von der letzten Stadtverordnetenversammlung mitgenommen habe.<\/p>\n\n\n\n<p>Sowohl Winter als auch Ortsvorsteher Euler traten einmal mehr dem Eindruck entgegen, man wolle die Stadt erpressen. Das Gegenteil sei der Fall, man wolle weder Schaden der Stadl zuf\u00fcgen, noch wolle man kompromisslos sein. Allerdings biete der derzeit verfolgte Standort die Gefahr, dass viele der aktiven Feuerwehrleute &#8211; Winter sprach von \u00fcber 90 Prozent- nicht in ein Feuerwehrger\u00e4tehaus in Pohl-G\u00f6ns mitziehen w\u00fcrden. Damit aber werde, so sei es auch die Ank\u00fcndigung des Kreisbrandinspektors, eine Hauptwache einzurichten, die f\u00fcr die Stadt sehr teuer k\u00e4me.<\/p>\n\n\n\n<p>Ortsbeiratsmitglied Stefan Schepp (CDU) wies darauf hin, dass das derzeit favorisierte Grundst\u00fcck in der Pohl-G\u00f6nser Gemarkung das letzte st\u00e4dtische Grundst\u00fcck in der Gemarkung sei, der dort zun\u00e4chst geplante Festplatz w\u00fcrde erst einmal ersatzlos entfallen.<\/p>\n\n\n\n<p>Auch das Parken rund um die Mehrzweckhalle w\u00fcrde gerade bei Veranstaltungen schwieriger werden. Auch die Alternative Sportplatz wurde angesprochen; hier sei baurechtlich eine schnelle Umsetzung des Baus eines neuen Feuerwehrger\u00e4tehauses auch m\u00f6glich, allerdings sei auch R\u00fccksicht zu nehmen auf die Belange des Turnvereins. Das Sportgel\u00e4nde w\u00fcrde seit Jahren nicht mehr aktiv genutzt, so Ortsvorsteher Euler, Einsatzzeiten seien dort in etwa einhaltbar, hie\u00df es schlie\u00dflich aus Kreisen der Feuerwehr.<\/p>\n\n\n\n<p>Der Kirch-G\u00f6nser Ortsbeirat formulierte abschlie\u00dfend seine Vorgehensweise: Man wolle aus feuerwehrtechnischen Gr\u00fcnden an dem Pfarrgrundst\u00fcck festhalten und sowohl durch einen offenen Brief an den Magistrat als auch durch eine direkte Ansprache der beiden gro\u00dfen Fraktionen CDU und SPD nochmals f\u00fcr diese L\u00f6sung werben. Solle es nach wie vor zu keinen parlamentarischen Mehrheiten f\u00fcr das Pfarrgrundst\u00fcck kommen, dann werde man f\u00fcr den alternativen Standort am Sportplatz werben, auf keinen Fall wolle man den Standort in Pohl-G\u00f6ns unterst\u00fctzen.<\/p>\n\n\n\n<p>Nun liegt der Ball wieder im Spielfeld der Fraktionen, die alle Risiken abzuw\u00e4gen haben: sowohl das laut Gutachter nicht zu erkennende Verschlechterungsrisiko, aber auch in viel gr\u00f6\u00dferem Ma\u00df das Risiko, dass die Feuerwehr in Kirch-G\u00f6ns nicht mehr einsatzf\u00e4hig sei, weil die Feuerwehrleute nicht akzeptieren wollen, wie mit ihnen in der Sache selbst umgegangen werde.<\/p>\n\n\n\n<p>Kirch-G\u00f6nser B\u00fcrger \u00e4u\u00dferten am Rande der Ortsbeiratssitzung ihre Bedenken, ob man im Magistrat \u00fcberhaupt den Ernst der Situation erkannt habe.<\/p>\n\n\n\n<figure class=\"wp-block-image size-full is-resized\"><img loading=\"lazy\" decoding=\"async\" width=\"279\" height=\"181\" src=\"http:\/\/875jahrekirchgoens.de\/wp-content\/uploads\/2024\/02\/FF-Haus-Bild1.png\" alt=\"\" class=\"wp-image-14952\" style=\"width:476px;height:auto\"\/><figcaption class=\"wp-element-caption\">Rund zwei Dutzend B\u00fcrgerinnen und B\u00fcrger waren der Einladung des Kirch-G\u00f6nser Ortsbeirates zur j\u00fcngsten Sitzung gefolgt, in der es ausschlie\u00dflich um den Standort des neuen Feuerwehrger\u00e4tehauses ging.<\/figcaption><\/figure>\n\n\n\n<p>Quelle und Bild: Butzbacher Zeitung vom 26. Juli 2018<\/p>\n\n\n\n<p>Rund zwei Dutzend B\u00fcrgerinnen und B\u00fcrger waren der Einladung des Kirch-G\u00f6nser Ortsbeirates zur j\u00fcngsten Sitzung gefolgt, in der es ausschlie\u00dflich um den Standort des neuen Feuerwehrger\u00e4tehauses ging.<\/p>\n","protected":false},"excerpt":{"rendered":"<p>Bevorzugter Standort bleibt das Pfarrgrundst\u00fcck \/ Alternative der Sportplatz KIRCH-G\u00d6NS (mr). Mitten in der Sommerpause hatte der Ortsbeirat Kirch-G\u00f6ns zu einer \u00f6ffentlichen Sitzung eingeladen. Einziger Tagesordnungspunkt: der zuk\u00fcnftige Standort des neu zu bauenden Feuerwehrger\u00e4tehauses. Um es vorwegzunehmen: Es herrschte gro\u00dfe Einigkeit im Ortsbeirat von Kirch-G\u00f6ns wie auch bei den rund zwei Dutzend Zuh\u00f6rerinnen und Zuh\u00f6rern &#8230; <a title=\"Kirch-G\u00f6nser Feuerwehr will unter keinen Umst\u00e4nden Neubau in Pohl-G\u00f6ns\" class=\"read-more\" href=\"http:\/\/875jahrekirchgoens.de\/?p=14951\" aria-label=\"Mehr Informationen \u00fcber Kirch-G\u00f6nser Feuerwehr will unter keinen Umst\u00e4nden Neubau in Pohl-G\u00f6ns\">Weiterlesen<\/a><\/p>\n","protected":false},"author":1,"featured_media":0,"comment_status":"closed","ping_status":"open","sticky":false,"template":"","format":"standard","meta":{"footnotes":""},"categories":[1],"tags":[],"class_list":["post-14951","post","type-post","status-publish","format-standard","hentry","category-infos"],"_links":{"self":[{"href":"http:\/\/875jahrekirchgoens.de\/index.php?rest_route=\/wp\/v2\/posts\/14951","targetHints":{"allow":["GET"]}}],"collection":[{"href":"http:\/\/875jahrekirchgoens.de\/index.php?rest_route=\/wp\/v2\/posts"}],"about":[{"href":"http:\/\/875jahrekirchgoens.de\/index.php?rest_route=\/wp\/v2\/types\/post"}],"author":[{"embeddable":true,"href":"http:\/\/875jahrekirchgoens.de\/index.php?rest_route=\/wp\/v2\/users\/1"}],"replies":[{"embeddable":true,"href":"http:\/\/875jahrekirchgoens.de\/index.php?rest_route=%2Fwp%2Fv2%2Fcomments&post=14951"}],"version-history":[{"count":1,"href":"http:\/\/875jahrekirchgoens.de\/index.php?rest_route=\/wp\/v2\/posts\/14951\/revisions"}],"predecessor-version":[{"id":14953,"href":"http:\/\/875jahrekirchgoens.de\/index.php?rest_route=\/wp\/v2\/posts\/14951\/revisions\/14953"}],"wp:attachment":[{"href":"http:\/\/875jahrekirchgoens.de\/index.php?rest_route=%2Fwp%2Fv2%2Fmedia&parent=14951"}],"wp:term":[{"taxonomy":"category","embeddable":true,"href":"http:\/\/875jahrekirchgoens.de\/index.php?rest_route=%2Fwp%2Fv2%2Fcategories&post=14951"},{"taxonomy":"post_tag","embeddable":true,"href":"http:\/\/875jahrekirchgoens.de\/index.php?rest_route=%2Fwp%2Fv2%2Ftags&post=14951"}],"curies":[{"name":"wp","href":"https:\/\/api.w.org\/{rel}","templated":true}]}}