{"id":14956,"date":"2018-09-18T12:46:00","date_gmt":"2018-09-18T12:46:00","guid":{"rendered":"http:\/\/875jahrekirchgoens.de\/?p=14956"},"modified":"2024-02-11T12:47:25","modified_gmt":"2024-02-11T12:47:25","slug":"alte-herren-der-hsg-butzbach-weilten-in-der-dom-und-kaiserstadt-speyer","status":"publish","type":"post","link":"http:\/\/875jahrekirchgoens.de\/?p=14956","title":{"rendered":"Alte Herren der HSG Butzbach weilten in der Dom- und Kaiserstadt Speyer"},"content":{"rendered":"\n<p>Am vergangenen Wochenende unternahmen die AH der HSG Kirch-\/Pohl-G\u00f6ns\/Butzbach ihre Jahresfahrt nach Speyer.<\/p>\n\n\n\n<p>Los ging es f\u00fcr die 14 Teilnehmer am Freitagnachmittag mit der Bahn ab Kirch-G\u00f6ns. Nach fast 3-st\u00fcndiger Fahrt und dem Check-in im Ibis-Hotel erkundete man die Innenstadt der Dom- und Kaiserstadt mit seinen verwinkelten Altstadt-Gassen und den zahlreichen gastronomischen Angeboten.<\/p>\n\n\n\n<p>Bekannt durch die weltweit gr\u00f6\u00dfte noch erhaltene romanische Kirche, den Kaiser- und Mariendom, ist die kreisfreie Stadt am linken Ufer des Oberrheins mit seinen gut 50 000 Einwohnern eine der \u00e4ltesten St\u00e4dte Deutschlands.<\/p>\n\n\n\n<p>Am Samstag stand zun\u00e4chst die Besichtigung des Doms an, in dem z. Zt. Das internationale Musikfestival stattfindet und wo gerade ein riesiger Chor das Mittelschiff mit markanten T\u00f6nen erf\u00fcllte.<\/p>\n\n\n\n<p>Danach wurde dem Bauernmarkt, der j\u00e4hrlich \u00fcber 30 000 Besucher anlockt, ein Besuch abgestattet. Der Nachmittag endete mit einer fas 2-st\u00fcndigen Fahrt auf dem Rhein mit dem betagten Fahrgastschiff \u201ePf\u00e4lzerland\u201c. Die Tour f\u00fchrte zun\u00e4chst rheinabw\u00e4rts, dann in den Reffenthaler Altrhein und wieder zur\u00fcck zur Anlegestelle neben dem Speyrer Hafen. Auf dem Oberdeck konnte man auf den reservierten Pl\u00e4tzen das herrliche Sp\u00e4tsommerwetter genie\u00dfen und dabei auch noch div. Zeichen f\u00fcr die Binnenschifffahrt kennenlernen.<\/p>\n\n\n\n<p>Der Samstagabend wurde mit einem Besuch des Biergartens der Domhof-Brauerei im Schatten des imposanten Doms abgeschlossen. Am Sonntag musste nach dem Fr\u00fchst\u00fcck die Koffer gepackt und wieder die Heimfahrt nach Kirch-G\u00f6ns angetreten werden, wo am fr\u00fchen Nachmittag ein auch witterungsm\u00e4\u00dfig optimaler Ausflug sein Ende nahm.<\/p>\n\n\n\n<p>Quelle und Bild: Butzbacher Zeitung vom 18. September 2018<\/p>\n\n\n\n<figure class=\"wp-block-image size-full\"><img loading=\"lazy\" decoding=\"async\" width=\"459\" height=\"326\" src=\"http:\/\/875jahrekirchgoens.de\/wp-content\/uploads\/2024\/02\/Speyer-Bild1.png\" alt=\"\" class=\"wp-image-14957\" srcset=\"http:\/\/875jahrekirchgoens.de\/wp-content\/uploads\/2024\/02\/Speyer-Bild1.png 459w, http:\/\/875jahrekirchgoens.de\/wp-content\/uploads\/2024\/02\/Speyer-Bild1-300x213.png 300w\" sizes=\"auto, (max-width: 459px) 100vw, 459px\" \/><\/figure>\n","protected":false},"excerpt":{"rendered":"<p>Am vergangenen Wochenende unternahmen die AH der HSG Kirch-\/Pohl-G\u00f6ns\/Butzbach ihre Jahresfahrt nach Speyer. Los ging es f\u00fcr die 14 Teilnehmer am Freitagnachmittag mit der Bahn ab Kirch-G\u00f6ns. Nach fast 3-st\u00fcndiger Fahrt und dem Check-in im Ibis-Hotel erkundete man die Innenstadt der Dom- und Kaiserstadt mit seinen verwinkelten Altstadt-Gassen und den zahlreichen gastronomischen Angeboten. Bekannt durch &#8230; <a title=\"Alte Herren der HSG Butzbach weilten in der Dom- und Kaiserstadt Speyer\" class=\"read-more\" href=\"http:\/\/875jahrekirchgoens.de\/?p=14956\" aria-label=\"Mehr Informationen \u00fcber Alte Herren der HSG Butzbach weilten in der Dom- und Kaiserstadt Speyer\">Weiterlesen<\/a><\/p>\n","protected":false},"author":1,"featured_media":0,"comment_status":"closed","ping_status":"open","sticky":false,"template":"","format":"standard","meta":{"footnotes":""},"categories":[1],"tags":[],"class_list":["post-14956","post","type-post","status-publish","format-standard","hentry","category-infos"],"_links":{"self":[{"href":"http:\/\/875jahrekirchgoens.de\/index.php?rest_route=\/wp\/v2\/posts\/14956","targetHints":{"allow":["GET"]}}],"collection":[{"href":"http:\/\/875jahrekirchgoens.de\/index.php?rest_route=\/wp\/v2\/posts"}],"about":[{"href":"http:\/\/875jahrekirchgoens.de\/index.php?rest_route=\/wp\/v2\/types\/post"}],"author":[{"embeddable":true,"href":"http:\/\/875jahrekirchgoens.de\/index.php?rest_route=\/wp\/v2\/users\/1"}],"replies":[{"embeddable":true,"href":"http:\/\/875jahrekirchgoens.de\/index.php?rest_route=%2Fwp%2Fv2%2Fcomments&post=14956"}],"version-history":[{"count":1,"href":"http:\/\/875jahrekirchgoens.de\/index.php?rest_route=\/wp\/v2\/posts\/14956\/revisions"}],"predecessor-version":[{"id":14958,"href":"http:\/\/875jahrekirchgoens.de\/index.php?rest_route=\/wp\/v2\/posts\/14956\/revisions\/14958"}],"wp:attachment":[{"href":"http:\/\/875jahrekirchgoens.de\/index.php?rest_route=%2Fwp%2Fv2%2Fmedia&parent=14956"}],"wp:term":[{"taxonomy":"category","embeddable":true,"href":"http:\/\/875jahrekirchgoens.de\/index.php?rest_route=%2Fwp%2Fv2%2Fcategories&post=14956"},{"taxonomy":"post_tag","embeddable":true,"href":"http:\/\/875jahrekirchgoens.de\/index.php?rest_route=%2Fwp%2Fv2%2Ftags&post=14956"}],"curies":[{"name":"wp","href":"https:\/\/api.w.org\/{rel}","templated":true}]}}