{"id":14965,"date":"2018-11-24T12:55:00","date_gmt":"2018-11-24T12:55:00","guid":{"rendered":"http:\/\/875jahrekirchgoens.de\/?p=14965"},"modified":"2024-02-11T13:02:14","modified_gmt":"2024-02-11T13:02:14","slug":"mitglieder-des-tv-kirch-goens","status":"publish","type":"post","link":"http:\/\/875jahrekirchgoens.de\/?p=14965","title":{"rendered":"Mitglieder des TV Kirch-G\u00f6ns \u2026"},"content":{"rendered":"\n<p>\u2026 f\u00fchrten k\u00fcrzlich auf ihrem Grundst\u00fcck in der Bahnhofstra\u00dfe eine Aufr\u00e4umaktion durch, bei der auch Pflegearbeiten am Baumbestand auf dem Programm standen.<\/p>\n\n\n\n<p>Quelle und Bild: Butzbacher Zeitung vom 24. November 2018<\/p>\n\n\n\n<figure class=\"wp-block-image size-full is-resized\"><img loading=\"lazy\" decoding=\"async\" width=\"319\" height=\"208\" src=\"http:\/\/875jahrekirchgoens.de\/wp-content\/uploads\/2024\/02\/aufraeumen-Bild1.png\" alt=\"\" class=\"wp-image-14966\" style=\"width:655px;height:auto\" srcset=\"http:\/\/875jahrekirchgoens.de\/wp-content\/uploads\/2024\/02\/aufraeumen-Bild1.png 319w, http:\/\/875jahrekirchgoens.de\/wp-content\/uploads\/2024\/02\/aufraeumen-Bild1-300x196.png 300w\" sizes=\"auto, (max-width: 319px) 100vw, 319px\" \/><\/figure>\n","protected":false},"excerpt":{"rendered":"<p>\u2026 f\u00fchrten k\u00fcrzlich auf ihrem Grundst\u00fcck in der Bahnhofstra\u00dfe eine Aufr\u00e4umaktion durch, bei der auch Pflegearbeiten am Baumbestand auf dem Programm standen. Quelle und Bild: Butzbacher Zeitung vom 24. November 2018<\/p>\n","protected":false},"author":1,"featured_media":0,"comment_status":"closed","ping_status":"open","sticky":false,"template":"","format":"standard","meta":{"footnotes":""},"categories":[1],"tags":[],"class_list":["post-14965","post","type-post","status-publish","format-standard","hentry","category-infos"],"_links":{"self":[{"href":"http:\/\/875jahrekirchgoens.de\/index.php?rest_route=\/wp\/v2\/posts\/14965","targetHints":{"allow":["GET"]}}],"collection":[{"href":"http:\/\/875jahrekirchgoens.de\/index.php?rest_route=\/wp\/v2\/posts"}],"about":[{"href":"http:\/\/875jahrekirchgoens.de\/index.php?rest_route=\/wp\/v2\/types\/post"}],"author":[{"embeddable":true,"href":"http:\/\/875jahrekirchgoens.de\/index.php?rest_route=\/wp\/v2\/users\/1"}],"replies":[{"embeddable":true,"href":"http:\/\/875jahrekirchgoens.de\/index.php?rest_route=%2Fwp%2Fv2%2Fcomments&post=14965"}],"version-history":[{"count":1,"href":"http:\/\/875jahrekirchgoens.de\/index.php?rest_route=\/wp\/v2\/posts\/14965\/revisions"}],"predecessor-version":[{"id":14967,"href":"http:\/\/875jahrekirchgoens.de\/index.php?rest_route=\/wp\/v2\/posts\/14965\/revisions\/14967"}],"wp:attachment":[{"href":"http:\/\/875jahrekirchgoens.de\/index.php?rest_route=%2Fwp%2Fv2%2Fmedia&parent=14965"}],"wp:term":[{"taxonomy":"category","embeddable":true,"href":"http:\/\/875jahrekirchgoens.de\/index.php?rest_route=%2Fwp%2Fv2%2Fcategories&post=14965"},{"taxonomy":"post_tag","embeddable":true,"href":"http:\/\/875jahrekirchgoens.de\/index.php?rest_route=%2Fwp%2Fv2%2Ftags&post=14965"}],"curies":[{"name":"wp","href":"https:\/\/api.w.org\/{rel}","templated":true}]}}