{"id":14974,"date":"2015-03-28T13:06:00","date_gmt":"2015-03-28T13:06:00","guid":{"rendered":"http:\/\/875jahrekirchgoens.de\/?p=14974"},"modified":"2024-02-11T13:08:07","modified_gmt":"2024-02-11T13:08:07","slug":"nur-noch-die-stuetzen-stehen","status":"publish","type":"post","link":"http:\/\/875jahrekirchgoens.de\/?p=14974","title":{"rendered":"Nur noch die St\u00fctzen stehen"},"content":{"rendered":"\n<p>Die Stautzertbr\u00fccke in Kirch-G\u00f6ns \u00fcber die Main-Weser-Bahn wurde in den N\u00e4chten am Wochenende bis auf die St\u00fctzen entfernt. Der Zugverkehr war stundenlang eingestellt, der Fahrdraht abgeschaltet. Bis zu 20 Tonnen Gewicht hatten die einzelnen Betonteile der Fahrbahn, die mit einer gro\u00dfen Spezials\u00e4ge zerteilt wurde.<\/p>\n\n\n\n<p>Quelle: Butzbacher Zeitung vom 28. M\u00e4rz 2015, Bild: Dieter Pfeiffer \/ Kirch-G\u00f6ns<\/p>\n\n\n\n<figure class=\"wp-block-image size-full\"><img loading=\"lazy\" decoding=\"async\" width=\"867\" height=\"577\" src=\"http:\/\/875jahrekirchgoens.de\/wp-content\/uploads\/2024\/02\/Stelzen-Bild1.jpg\" alt=\"\" class=\"wp-image-14975\" srcset=\"http:\/\/875jahrekirchgoens.de\/wp-content\/uploads\/2024\/02\/Stelzen-Bild1.jpg 867w, http:\/\/875jahrekirchgoens.de\/wp-content\/uploads\/2024\/02\/Stelzen-Bild1-300x200.jpg 300w, http:\/\/875jahrekirchgoens.de\/wp-content\/uploads\/2024\/02\/Stelzen-Bild1-768x511.jpg 768w\" sizes=\"auto, (max-width: 867px) 100vw, 867px\" \/><\/figure>\n","protected":false},"excerpt":{"rendered":"<p>Die Stautzertbr\u00fccke in Kirch-G\u00f6ns \u00fcber die Main-Weser-Bahn wurde in den N\u00e4chten am Wochenende bis auf die St\u00fctzen entfernt. Der Zugverkehr war stundenlang eingestellt, der Fahrdraht abgeschaltet. Bis zu 20 Tonnen Gewicht hatten die einzelnen Betonteile der Fahrbahn, die mit einer gro\u00dfen Spezials\u00e4ge zerteilt wurde. Quelle: Butzbacher Zeitung vom 28. M\u00e4rz 2015, Bild: Dieter Pfeiffer \/ &#8230; <a title=\"Nur noch die St\u00fctzen stehen\" class=\"read-more\" href=\"http:\/\/875jahrekirchgoens.de\/?p=14974\" aria-label=\"Mehr Informationen \u00fcber Nur noch die St\u00fctzen stehen\">Weiterlesen<\/a><\/p>\n","protected":false},"author":1,"featured_media":0,"comment_status":"closed","ping_status":"open","sticky":false,"template":"","format":"standard","meta":{"footnotes":""},"categories":[1],"tags":[],"class_list":["post-14974","post","type-post","status-publish","format-standard","hentry","category-infos"],"_links":{"self":[{"href":"http:\/\/875jahrekirchgoens.de\/index.php?rest_route=\/wp\/v2\/posts\/14974","targetHints":{"allow":["GET"]}}],"collection":[{"href":"http:\/\/875jahrekirchgoens.de\/index.php?rest_route=\/wp\/v2\/posts"}],"about":[{"href":"http:\/\/875jahrekirchgoens.de\/index.php?rest_route=\/wp\/v2\/types\/post"}],"author":[{"embeddable":true,"href":"http:\/\/875jahrekirchgoens.de\/index.php?rest_route=\/wp\/v2\/users\/1"}],"replies":[{"embeddable":true,"href":"http:\/\/875jahrekirchgoens.de\/index.php?rest_route=%2Fwp%2Fv2%2Fcomments&post=14974"}],"version-history":[{"count":1,"href":"http:\/\/875jahrekirchgoens.de\/index.php?rest_route=\/wp\/v2\/posts\/14974\/revisions"}],"predecessor-version":[{"id":14976,"href":"http:\/\/875jahrekirchgoens.de\/index.php?rest_route=\/wp\/v2\/posts\/14974\/revisions\/14976"}],"wp:attachment":[{"href":"http:\/\/875jahrekirchgoens.de\/index.php?rest_route=%2Fwp%2Fv2%2Fmedia&parent=14974"}],"wp:term":[{"taxonomy":"category","embeddable":true,"href":"http:\/\/875jahrekirchgoens.de\/index.php?rest_route=%2Fwp%2Fv2%2Fcategories&post=14974"},{"taxonomy":"post_tag","embeddable":true,"href":"http:\/\/875jahrekirchgoens.de\/index.php?rest_route=%2Fwp%2Fv2%2Ftags&post=14974"}],"curies":[{"name":"wp","href":"https:\/\/api.w.org\/{rel}","templated":true}]}}