{"id":14982,"date":"2015-06-01T13:15:00","date_gmt":"2015-06-01T13:15:00","guid":{"rendered":"http:\/\/875jahrekirchgoens.de\/?p=14982"},"modified":"2024-02-11T13:16:42","modified_gmt":"2024-02-11T13:16:42","slug":"kirch-goenser-dorffest-voller-erfolg","status":"publish","type":"post","link":"http:\/\/875jahrekirchgoens.de\/?p=14982","title":{"rendered":"Kirch-G\u00f6nser Dorffest voller Erfolg"},"content":{"rendered":"\n<p><em>Pr\u00e4chtige Stimmung am Wochenende bei viel Musik, Gesang und Vorf\u00fchrungen der Vierbeiner<\/em><\/p>\n\n\n\n<p>Ein voller Erfolg war am Wochenende das Dorffest in Kirch-G\u00f6ns. Es war dies die gelungene Fortsetzung des Kirchweihfestes 2013. Damals hallen alle Ortsvereine geholfen und sich gew\u00fcnscht daraus ein Dorffest zu machen und dieses alle zwei Jahre abzuhalten.<\/p>\n\n\n\n<p>Die Interessengemeinschaft der Ortsvereine mit ihren 14 Mitgliedsvereinen stellte nun ein tolles Fest auf die Beine. Und mit dabei auch die Kirchengemeinde, die ihr Gel\u00e4nde f\u00fcr die Veranstaltung zur Verf\u00fcgung gestellt hatte.<\/p>\n\n\n\n<p>So wurde also am Sonntag in und vor der Kirche gefeiert, w\u00e4hrend am Samstag die Feierlichkeiten vom Musikzug der Freiwilligen Feuerwehr Kirch-G\u00f6ns und der Feuerwehrkapelle Butzbach mit einem Sternmarsch vom Sportplatz \u00fcber Taubgasse und Pfeifergasse zur Kirche er\u00f6ffnet wurde.<\/p>\n\n\n\n<p>Vor der Kirche spielten beide Formationen nach der Begr\u00fc\u00dfung durch Ortsvorsteher Stefan Euler unter der Leitung von Frank Mader auf und brachten dabei die St\u00fccke \u201eMars der Medici&#8220;, \u201eLottchenpolka&#8220; und ,Summernight Rock&#8220; zum Vortrag.<\/p>\n\n\n\n<p>Im Zelt erfreute anschlie\u00dfend der Gemischte Chor des Gesangvereins 1862 Kirch-G\u00f6ns unter Theresa Heinz mit den Liedern \u201eHeimatlied&#8220;, \u201eEin kleiner gr\u00fcner Kaktus&#8220;, ,,Wochenend und Sonnenschein&#8220; die zahlreichen Zuh\u00f6rer.<\/p>\n\n\n\n<p>Kaum waren die letzten T\u00f6ne des Chores verklungen, hie\u00df es wieder \u201eraus aus dem Zelt&#8220;, denn Mitglieder der Ortsgruppe Kirch-G\u00f6ns im Verein f\u00fcr Deutsche Sch\u00e4ferhunde hielten Einzug auf das Kirchenareal. W\u00e4hrend Heike Anders die Showdarbietungen moderierte, begeisterte vor allem Kim Hege mit ihrem Hund \u201eLou&#8220; mit ihren Trick-Dog-Darbietungen. Zudem waren Ausschnitte der klassischen Hundesportpr\u00fcfungen wie Schutzhund, Begleithund und F\u00e4hrtenhund zu sehen.<\/p>\n\n\n\n<p>Beste Stimmung herrschte an\u00ad schlie\u00dfend dann wieder in und vor dem Zelt. Im Zelt spielten \u201eDie Heimatlosen&#8220; mit Andreas Tr\u00f6ster, Michael Thale, Annika Klingelh\u00f6fer, Sascha Beutler, Ulf Wachsmuth, Wolfgang K\u00f6nig, J\u00f6rg Huber, Carsten Br\u00fcck unter der Leitung von Frank Mader auf und boten klassische Blasmusik mit Polkas, Walzern und M\u00e4rschen. Dies war so recht nach dem Geschmack der Besucher.<\/p>\n\n\n\n<p>Am Sonntag fand das Dorffest mit einem von Pfarrer William Thum gehaltenen Gottesdienst in der Kirche seine Fortsetzung. Nach dem Mittagessen spielte zun\u00e4chst der Fanfarenzug der Freiwilligen Feuerwehr Kirch-G\u00f6ns unter Stabf\u00fchrer Egon Kr\u00e4mer auf, gab es Kaffee und Kuchen, zeigte der Heimat- und Backhausverein Kirch-G\u00f6ns neben H\u00fcttenberger Trachten auch flotte T\u00e4nze und beschloss der Gospelchor \u201eLet It Shine&#8220; aus Kirch-G\u00f6ns das offizielle Programm.<\/p>\n\n\n\n<p>Quelle und Bilder: Butzbacher Zeitung \u2013 Anfang Juni 2015<\/p>\n\n\n\n<figure class=\"wp-block-gallery has-nested-images columns-default is-cropped wp-block-gallery-1 is-layout-flex wp-block-gallery-is-layout-flex\">\n<figure class=\"wp-block-image size-large\"><img loading=\"lazy\" decoding=\"async\" width=\"252\" height=\"135\" data-id=\"14985\" src=\"http:\/\/875jahrekirchgoens.de\/wp-content\/uploads\/2024\/02\/Dorffest-Bild3.png\" alt=\"\" class=\"wp-image-14985\"\/><\/figure>\n\n\n\n<figure class=\"wp-block-image size-large\"><img loading=\"lazy\" decoding=\"async\" width=\"207\" height=\"136\" data-id=\"14986\" src=\"http:\/\/875jahrekirchgoens.de\/wp-content\/uploads\/2024\/02\/Dorffest-Bild4.png\" alt=\"\" class=\"wp-image-14986\"\/><\/figure>\n\n\n\n<figure class=\"wp-block-image size-large\"><img loading=\"lazy\" decoding=\"async\" width=\"248\" height=\"163\" data-id=\"14983\" src=\"http:\/\/875jahrekirchgoens.de\/wp-content\/uploads\/2024\/02\/Dorffest-Bild1.png\" alt=\"\" class=\"wp-image-14983\"\/><\/figure>\n\n\n\n<figure class=\"wp-block-image size-large\"><img loading=\"lazy\" decoding=\"async\" width=\"232\" height=\"162\" data-id=\"14984\" src=\"http:\/\/875jahrekirchgoens.de\/wp-content\/uploads\/2024\/02\/Dorffest-Bild2.png\" alt=\"\" class=\"wp-image-14984\"\/><\/figure>\n<\/figure>\n","protected":false},"excerpt":{"rendered":"<p>Pr\u00e4chtige Stimmung am Wochenende bei viel Musik, Gesang und Vorf\u00fchrungen der Vierbeiner Ein voller Erfolg war am Wochenende das Dorffest in Kirch-G\u00f6ns. Es war dies die gelungene Fortsetzung des Kirchweihfestes 2013. Damals hallen alle Ortsvereine geholfen und sich gew\u00fcnscht daraus ein Dorffest zu machen und dieses alle zwei Jahre abzuhalten. Die Interessengemeinschaft der Ortsvereine mit &#8230; <a title=\"Kirch-G\u00f6nser Dorffest voller Erfolg\" class=\"read-more\" href=\"http:\/\/875jahrekirchgoens.de\/?p=14982\" aria-label=\"Mehr Informationen \u00fcber Kirch-G\u00f6nser Dorffest voller Erfolg\">Weiterlesen<\/a><\/p>\n","protected":false},"author":1,"featured_media":0,"comment_status":"closed","ping_status":"open","sticky":false,"template":"","format":"standard","meta":{"footnotes":""},"categories":[1],"tags":[],"class_list":["post-14982","post","type-post","status-publish","format-standard","hentry","category-infos"],"_links":{"self":[{"href":"http:\/\/875jahrekirchgoens.de\/index.php?rest_route=\/wp\/v2\/posts\/14982","targetHints":{"allow":["GET"]}}],"collection":[{"href":"http:\/\/875jahrekirchgoens.de\/index.php?rest_route=\/wp\/v2\/posts"}],"about":[{"href":"http:\/\/875jahrekirchgoens.de\/index.php?rest_route=\/wp\/v2\/types\/post"}],"author":[{"embeddable":true,"href":"http:\/\/875jahrekirchgoens.de\/index.php?rest_route=\/wp\/v2\/users\/1"}],"replies":[{"embeddable":true,"href":"http:\/\/875jahrekirchgoens.de\/index.php?rest_route=%2Fwp%2Fv2%2Fcomments&post=14982"}],"version-history":[{"count":1,"href":"http:\/\/875jahrekirchgoens.de\/index.php?rest_route=\/wp\/v2\/posts\/14982\/revisions"}],"predecessor-version":[{"id":14987,"href":"http:\/\/875jahrekirchgoens.de\/index.php?rest_route=\/wp\/v2\/posts\/14982\/revisions\/14987"}],"wp:attachment":[{"href":"http:\/\/875jahrekirchgoens.de\/index.php?rest_route=%2Fwp%2Fv2%2Fmedia&parent=14982"}],"wp:term":[{"taxonomy":"category","embeddable":true,"href":"http:\/\/875jahrekirchgoens.de\/index.php?rest_route=%2Fwp%2Fv2%2Fcategories&post=14982"},{"taxonomy":"post_tag","embeddable":true,"href":"http:\/\/875jahrekirchgoens.de\/index.php?rest_route=%2Fwp%2Fv2%2Ftags&post=14982"}],"curies":[{"name":"wp","href":"https:\/\/api.w.org\/{rel}","templated":true}]}}